{"id":774,"date":"2010-03-13T17:12:33","date_gmt":"2010-03-13T16:12:33","guid":{"rendered":"http:\/\/www.aquila-austria.at\/?p=774"},"modified":"2013-10-23T17:54:15","modified_gmt":"2013-10-23T16:54:15","slug":"schifahren-und-huettengaudi-20-21-maerz-2010","status":"publish","type":"post","link":"https:\/\/www.aquila-austria.at\/?p=774","title":{"rendered":"Schifahren und H\u00fcttengaudi 20.\/21. M\u00e4rz 2010"},"content":{"rendered":"<p>An alle schibegeisterten Aquilasegler!<\/p>\n<p>Unser Schiwochenende ist bereits ganz nahe! Wir treffen uns ab Freitag, dem 19.03.2010 t\u00e4glich um 09:00 Uhr bei der Talstation Madling der Reiteralm! Nach dem Schifahren findet t\u00e4glich ein gem\u00fctliches Beisammensein im Haus der Familie Mitterwallner statt.<\/p>\n<p>Wir freuen uns auf euer Kommen.<\/p>\n<p>Raoul<\/p>\n","protected":false},"excerpt":{"rendered":"<p>An alle schibegeisterten Aquilasegler! Unser Schiwochenende ist bereits ganz nahe! Wir treffen uns ab Freitag, dem 19.03.2010 t\u00e4glich um 09:00 Uhr bei der Talstation Madling der Reiteralm! Nach dem Schifahren findet t\u00e4glich ein gem\u00fctliches Beisammensein im Haus der Familie Mitterwallner statt. Wir freuen uns auf euer Kommen. Raoul<\/p>\n","protected":false},"author":2,"featured_media":0,"comment_status":"open","ping_status":"closed","sticky":false,"template":"","format":"standard","meta":{"_bbp_topic_count":0,"_bbp_reply_count":0,"_bbp_total_topic_count":0,"_bbp_total_reply_count":0,"_bbp_voice_count":0,"_bbp_anonymous_reply_count":0,"_bbp_topic_count_hidden":0,"_bbp_reply_count_hidden":0,"_bbp_forum_subforum_count":0,"ngg_post_thumbnail":0,"footnotes":""},"categories":[28],"tags":[29],"class_list":{"0":"post-774","1":"post","2":"type-post","3":"status-publish","4":"format-standard","6":"category-skitage","7":"tag-reiteralm","8":"czr-hentry"},"views":2208,"_links":{"self":[{"href":"https:\/\/www.aquila-austria.at\/index.php?rest_route=\/wp\/v2\/posts\/774","targetHints":{"allow":["GET"]}}],"collection":[{"href":"https:\/\/www.aquila-austria.at\/index.php?rest_route=\/wp\/v2\/posts"}],"about":[{"href":"https:\/\/www.aquila-austria.at\/index.php?rest_route=\/wp\/v2\/types\/post"}],"author":[{"embeddable":true,"href":"https:\/\/www.aquila-austria.at\/index.php?rest_route=\/wp\/v2\/users\/2"}],"replies":[{"embeddable":true,"href":"https:\/\/www.aquila-austria.at\/index.php?rest_route=%2Fwp%2Fv2%2Fcomments&post=774"}],"version-history":[{"count":1,"href":"https:\/\/www.aquila-austria.at\/index.php?rest_route=\/wp\/v2\/posts\/774\/revisions"}],"predecessor-version":[{"id":775,"href":"https:\/\/www.aquila-austria.at\/index.php?rest_route=\/wp\/v2\/posts\/774\/revisions\/775"}],"wp:attachment":[{"href":"https:\/\/www.aquila-austria.at\/index.php?rest_route=%2Fwp%2Fv2%2Fmedia&parent=774"}],"wp:term":[{"taxonomy":"category","embeddable":true,"href":"https:\/\/www.aquila-austria.at\/index.php?rest_route=%2Fwp%2Fv2%2Fcategories&post=774"},{"taxonomy":"post_tag","embeddable":true,"href":"https:\/\/www.aquila-austria.at\/index.php?rest_route=%2Fwp%2Fv2%2Ftags&post=774"}],"curies":[{"name":"wp","href":"https:\/\/api.w.org\/{rel}","templated":true}]}}