{"id":757,"date":"2011-04-08T16:49:21","date_gmt":"2011-04-08T15:49:21","guid":{"rendered":"http:\/\/www.aquila-austria.at\/?p=757"},"modified":"2013-11-12T08:36:36","modified_gmt":"2013-11-12T07:36:36","slug":"das-ski-segler-treffen-2011-auf-der-reiteralm-vom-19-auf-den-20-maerz-war-wieder-ein-voller-erfolg","status":"publish","type":"post","link":"https:\/\/www.aquila-austria.at\/?p=757","title":{"rendered":"Das Ski-Segler treffen 2011 auf der Reiteralm vom 19. auf den 20 M\u00e4rz war wieder ein voller Erfolg!"},"content":{"rendered":"<p><img loading=\"lazy\" decoding=\"async\" class=\"alignright\" id=\"fancybox-img\" alt=\"\" src=\"http:\/\/www.aquila-austria.at\/images\/news\/AquiSchi-2.jpg\" width=\"365\" height=\"273\" \/>Wie im Rundschreiben 3\/2010 angek\u00fcndigt, fand auch heuer wieder das schon traditionelle Ski-Seglertreffen auf der Reiteralm statt. Es waren diesmal 15 Teilnehmer (einschlie\u00dflich der 3 Kinder Fam. Otter) dabei. Nach R\u00fccksprache mit dem Wettergott konnten beide Tage bei wundersch\u00f6nem Ski-Wetter unfallfrei abgewickelt werden, wobei auch die tolle Infrastruktur der Reiteralm (z.B. urige H\u00fctten) zur guten Stimmung beitrug.<\/p>\n<p>Das Highlight war allerdings der <b><span style=\"text-decoration: underline;\">50er<\/span> <\/b>von Martin Kalhamer, der ja immerhin ganz sch\u00f6n Wind in unsere Vereinigung gebracht hat. Dieser Anlass wurde auch geb\u00fchrend im Kellerst\u00fcberl der Pension Mitterwallner gefeiert. Bei Torte\/Kuchen und nat\u00fcrlich einigen Gl\u00e4schen Wein konnte ein durch Fritz Wallisch und Bernhard Leonardelli kreiertes T-Shirt mit den besten W\u00fcnschen f\u00fcr die n\u00e4chsten 50 Jahre \u00fcbergeben werden. Bei super Stimmung klang die Feier zu sp\u00e4ter Stunde aus. Am n\u00e4chsten Skitag, bei strahlendem Sonnenschein, wurde dann so manch kleiner \u201eKater\u201c erfolgreich abgesch\u00fcttelt.<\/p>\n<p>Allen Teilnehmern war klar, das wird auch im Jahr 2012 wiederholt. Der Termin daf\u00fcr steht auch schon fest: <b><span style=\"text-decoration: underline;\">17.\/18. M\u00e4rz 2012.<\/span><\/b> Die entsprechende Ausschreibung wird durch den Klassensekret\u00e4r im Rundschreiben zeitgerecht erfolgen.<\/p>\n<p>Mit Ski-Heil und Mast und Schotbruch auf ein Wiedersehen am Mattsee freut sich<\/p>\n<p><b>Fritz Wallisch (AUT 29)<\/b><\/p>\n<p><a title=\"Bilder: 28. \u2013 29.09.2013 SSC Mattsee\" href=\"http:\/\/www.flickr.com\/photos\/aquila-austria\/sets\/72157637419483853\/\" target=\"_blank\"><img decoding=\"async\" alt=\"\" src=\"data:image\/png;base64,iVBORw0KGgoAAAANSUhEUgAAAB4AAAAeCAIAAAC0Ujn1AAAGY0lEQVRIiZ2WTcgdVxnHTxKxRFBQo1gICLoWKboQRXHnxoXVUoxtkCikttImtlRTE5KISYpGRF+riEKlolKxSDeFGoxtX2vSJn0rVZP2bd6Pe+femXvnzpw5398z83cxeMmmi9ff6jBz5nn+Z87i9xAAKSWttRCiLMssy6bTKaU03zlVVXHOtdZ93wMgbdsaY4QQWmtjjFLKGBNjdDvEGDPUoZRKKbuuI8YYxhhjzFo7dPv\/6Pu+6zrnHGOMUqq1JowxzrlSKoTQ9\/2wo23bbofEGIdkIYQhO1ksFkqplNLw2nvvvQ8htDvEe991HYCu66SUs9mM5HmutR4OFULw3scY27ZNO2foEUJommYymZA8z6WUy6fDjrBzUkrLtRAiz3NSFIUQYrhl7\/1QVykVd4i11hgzXFgIoaoqUuXXhGoWJmkPtICJZi56C8XLLjS9LXtbArYHREAdAOeh0ZW60sF4oHBoIgO4T63rwSMcBJOjYkrq2TimzgHCBifrIIrkWULngdDDuuCsjE4q2RhjeiB3lQu6imYLmAI9kEK7FbiMXfB9YA4OQqjRdEKKca5NNC0axSSfhLaScFkbrszw921czZAbeCDGGFXV6\/kIqes6zC29XhSX18PlEXJjAOM757uGKedbIfV4PCb5pKCNbJRloglRmx7Pb+uTf\/7Pp7575ePfeuFzp14+\/tTs4jYEAHhP1xdAfHYDRy\/0n3ls8eGT\/BM\/9qcv4jXlqLWuzRlvfJDKTLZHZF5OuGRcMiWkc1jbxv2\/nt96cHXX3f8kX7pEvrj67kOrd668eXEED1g+wjXkt\/8ee06CHAN5BOQ0339+dsdT8noeZMw4L6yRyhSbI3Jj63WuaiFrzUVF8fiz5rYjG+T28d4j7B0Puj1HDDlw7QOHX\/rBBTkPMGqGn4w33n+2JaexewVv\/xl2r3hyOuxbqZ5Zw8LNlBopIYSqNzPy79ff5FJQmmtW1rI\/++TWew5dIfd58oUr5K5Ncq8iB7b33n3pkT+WcwMEbr924cbuh0DO+r3nR7tO2t3nHDmGt53Lfv4MJrqxfksw3gi5nZOskDGhqaZOzRxw4sk1cufT5Ajdd\/j6LYc29nyjIQezd9710sNPZFnZQsxw\/8Vq78PYdQbkBCXHsG8F5LgkD25+7w\/YlMqnrYaKmpvRjIzn46JsDAtoo7bVr\/6y9tHvXCVfKcihfM9RkK878vlXP\/TAi79YnTU2INLu0RfLj5zfIg\/Ut5zDu34J8ijIKbn\/R2\/86\/p8MvPKOeNryiazORllm1q3WkJUlTb0lSm\/7zfj9351bc\/Bq+TAa+SOV\/ffs3bPE+Pnxi330dKpWM3U4T+F950BOQVyEuSh+a3fv\/7l384nM9XI4KIxrqroZFqQ8ca6s71QKGZ1iNoDL9zoj\/9u+ukTL3\/sm3\/77NHVbz++8df1ULUI6JyVDYDVCe59Otz2U\/7BM+KTj9kfXgob0UnrbfA2KGWqik7zGaHjieKJKtQqheCSV0yGWuMfBZ6\/gVduYFrDhNYGLp3QoR3BMqW7Ld5dnfvnRuby1BfWA854ra1SRinDmCjLipiiUjw0DjxAS9VMtuVsjN4rIABogTa1Jld8U5rGBFBe0l5zQAIS4EATTFNTpS3nknOptZVSLxY1WWwWRgeRWqZdMgHKhmZhRD7NR01NLZeWzZzcTn4Wk3UOcKnrg1DcZIWbzqVTLlg0XFrHhRJSex+VMvOiJKP1sbZGdZqJGqZDRJewMAzQQOqH3PCpV85Yy1vMlXLWe4uFAdUhWZ5Mt2hMiFwbpW0ISSmTTwqSZ5UOynQN53NbKbvoK4Gyh7dlw2mlEwc4WmZZ0B4R4O0cyNE5Z4Rgb\/RsBAsbdYxcG2GsD0kJXYxzkmWZECKEYIyRUjrnhvVghsGTMcbBPoORU0oxxsF2g0OstYNApJRa66ZpsiwjeZ4Pk8KgCWOM1lpKaa1dqmdZfVl0Wffmr7TWw34p5Xw+J3Vd13UthBiEO2x1zi3NtMzbdV3f98sGy+BDD6XUEEJrzRhrmoYYYyillFLnXEppCNv3\/SDiZcXl9LOcDm7uEWMcxKi1LsuyLEutNQGglKKUCiGEEE3TDL9+mNOW2P8xHFzdhJRSSskYU0pxzsuypJSmlMgwTgohqqrK8zzLsmEwnL0FxVswmUzKsmSMaa1TSgD+C\/0KdJ10sKzBAAAAAElFTkSuQmCC\" \/><\/a><\/p>\n","protected":false},"excerpt":{"rendered":"<p>Wie im Rundschreiben 3\/2010 angek\u00fcndigt, fand auch heuer wieder das schon traditionelle Ski-Seglertreffen auf der Reiteralm statt. Es waren diesmal 15 Teilnehmer (einschlie\u00dflich der 3 Kinder Fam. Otter) dabei. Nach R\u00fccksprache mit dem Wettergott konnten beide Tage bei wundersch\u00f6nem Ski-Wetter unfallfrei abgewickelt werden, wobei auch die tolle Infrastruktur der Reiteralm (z.B. urige H\u00fctten) zur guten [&hellip;]<\/p>\n","protected":false},"author":4,"featured_media":0,"comment_status":"open","ping_status":"closed","sticky":false,"template":"","format":"standard","meta":{"_bbp_topic_count":0,"_bbp_reply_count":0,"_bbp_total_topic_count":0,"_bbp_total_reply_count":0,"_bbp_voice_count":0,"_bbp_anonymous_reply_count":0,"_bbp_topic_count_hidden":0,"_bbp_reply_count_hidden":0,"_bbp_forum_subforum_count":0,"ngg_post_thumbnail":0,"footnotes":""},"categories":[28],"tags":[29],"class_list":{"0":"post-757","1":"post","2":"type-post","3":"status-publish","4":"format-standard","6":"category-skitage","7":"tag-reiteralm","8":"czr-hentry"},"views":2480,"_links":{"self":[{"href":"https:\/\/www.aquila-austria.at\/index.php?rest_route=\/wp\/v2\/posts\/757","targetHints":{"allow":["GET"]}}],"collection":[{"href":"https:\/\/www.aquila-austria.at\/index.php?rest_route=\/wp\/v2\/posts"}],"about":[{"href":"https:\/\/www.aquila-austria.at\/index.php?rest_route=\/wp\/v2\/types\/post"}],"author":[{"embeddable":true,"href":"https:\/\/www.aquila-austria.at\/index.php?rest_route=\/wp\/v2\/users\/4"}],"replies":[{"embeddable":true,"href":"https:\/\/www.aquila-austria.at\/index.php?rest_route=%2Fwp%2Fv2%2Fcomments&post=757"}],"version-history":[{"count":2,"href":"https:\/\/www.aquila-austria.at\/index.php?rest_route=\/wp\/v2\/posts\/757\/revisions"}],"predecessor-version":[{"id":1109,"href":"https:\/\/www.aquila-austria.at\/index.php?rest_route=\/wp\/v2\/posts\/757\/revisions\/1109"}],"wp:attachment":[{"href":"https:\/\/www.aquila-austria.at\/index.php?rest_route=%2Fwp%2Fv2%2Fmedia&parent=757"}],"wp:term":[{"taxonomy":"category","embeddable":true,"href":"https:\/\/www.aquila-austria.at\/index.php?rest_route=%2Fwp%2Fv2%2Fcategories&post=757"},{"taxonomy":"post_tag","embeddable":true,"href":"https:\/\/www.aquila-austria.at\/index.php?rest_route=%2Fwp%2Fv2%2Ftags&post=757"}],"curies":[{"name":"wp","href":"https:\/\/api.w.org\/{rel}","templated":true}]}}