{"id":7088,"date":"2021-11-01T17:51:34","date_gmt":"2021-11-01T16:51:34","guid":{"rendered":"https:\/\/www.aquila-austria.at\/?p=7088"},"modified":"2021-11-01T19:34:01","modified_gmt":"2021-11-01T18:34:01","slug":"erfolgreiche-aquila-teams-bei-der-och-2021","status":"publish","type":"post","link":"https:\/\/www.aquila-austria.at\/?p=7088","title":{"rendered":"Erfolgreiche Aquila-Teams bei der OCH 2021"},"content":{"rendered":"<h3>Team`s Aquila dominieren die Einheitsklasse Bavaria 41S bei der OFFSHORE CHALLANGE 2021<\/h3>\n<p>2019 erreichten wir als neues Team auf Anhieb den 2. Platz des Coast Cup in der Einheitsklasse von Biograd nach Rovinj und retour bei Leichtwind. F\u00fcr uns eine Sensation.<\/p>\n<p>Nach Absage 2020 wegen Corona stand heuer die Offshore von Biograd nach Dubrovnik auf dem Plan.<\/p>\n<div style=\"top: 0; left: 0; width: 100%; height: 0; position: relative; padding-bottom: 56.25%;\">\t\t\t\t<iframe loading=\"lazy\" title=\"IMG_6526\" style=\"width: 100%; height: 100%; position: absolute;\"  src=\"https:\/\/embedr.flickr.com\/photos\/51602645732\" width=\"1024\" height=\"576\" frameborder=\"0\" allow=\"autoplay; fullscreen\" allowfullscreen><\/iframe><\/div>\n<p>Mit im Team wieder die Aquil\u00f6re Franz Fink ( Skipper), Hans Novak (Coskipper) sowie Raoul Otter (bester Steuermann) und Christian Kimmeswenger ( sicherer Navigator und hervorragender Koch) verst\u00e4rkt durch Leo Ochsenhofer (Klavier) und Erich Sp\u00f6rk ( Spi und Vorsegel) von der Segelcrew Hartberg.<\/p>\n<p>Anstelle von Alfred Lang, welcher leider nicht dabei sein konnte, sprang Ewald Kimmeswenger ( Spi und Vorsegel) ein, der seine Premiere in Sachen Hochseeregatta gab und sich voll ins Team integrierte und eine hervorragende Leistung zeigte.<\/p>\n<div style=\"width: 4042px\" class=\"wp-caption alignnone\"><a title=\"IMG_6548\" href=\"https:\/\/www.flickr.com\/photos\/aquila-austria\/51604131224\/in\/album-72157720089484100\/\" data-flickr-embed=\"true\"><img loading=\"lazy\" decoding=\"async\" src=\"https:\/\/live.staticflickr.com\/65535\/51604131224_0bb4d38964_o.jpg\" alt=\"IMG_6548\" width=\"4032\" height=\"3024\"><\/a><p class=\"wp-caption-text\">Die erste Nacht steht bevor&#8230;<\/p><\/div>\n<p>Die Wetterberichte im Vorfeld versprachen heuer viel Wind mit Bora bis 50 Knoten, und sie sollten sich fast bewahrheiten. Sogar Raoul, unser langj\u00e4hriger Aquila Meister, hat sein \u00d6lzeug mitgenommen, auf Stiefel hat er aber noch verzichtet, da muss es sicher schon noch kr\u00e4ftiger blasen.<\/p>\n<p>Die erste Etappe von Biograd nach Dubrovnik war gepr\u00e4gt von steifer Bora, tw. Regenschauer , einer Flautenzone und Gewitter vor Mljet und danach wieder Bora. Vorm Ziel Dubrovnik wieder sehr wenig Wind, welcher uns gerade noch ins Ziel schob.<\/p>\n<p>Mit der neuerlichen Bora hatten wir nicht gerechnet, was aber Aquil\u00f6r <strong>Martin Walus<\/strong> mit seinem Team vom <strong>SCAMS<\/strong> zu nutzen wusste. So waren sie Mljet innen gefahren und konnten noch vor uns die Etappe gewinnen.<\/p>\n<p>Dritter wurde das Team Zauner mit unserem Aquil\u00f6r<strong> Mike<\/strong> (Huber) an Bord mit nach dem Ziel defektem Motor und bei der Retourfahrt Steuerschaden und Notlandung in Vis. Somit 3 Aquila Crews voran.<\/p>\n<div style=\"top: 0; left: 0; width: 100%; height: 0; position: relative; padding-bottom: 56.25%;\">\t\t\t\t<iframe loading=\"lazy\" title=\"IMG_6561\" style=\"width: 100%; height: 100%; position: absolute;\"  src=\"https:\/\/embedr.flickr.com\/photos\/51602644907\" width=\"1024\" height=\"576\" frameborder=\"0\" allow=\"autoplay; fullscreen\" allowfullscreen><\/iframe><\/div>\n<p>Dienstag Ruhetag in der&nbsp; Marina Frappa., wir genossen Dubrovnik bei Sonne und doch schon frischen Temperaturen.<\/p>\n<p>Am Mittwoch neuerlich fliegender Start (wie auch schon vor Biograd) zur\u00fcck mit zuerst wenig Spiwind und dann eine sehr heftige Bora mit hohen Wellen. Ein wilder Ritt mit 2er Reff im Gro\u00df ( 3er Reff gab es leider nicht) und tw. Reff im Vorsegel. Nichts f\u00fcr schwache Nerven mit starker k\u00f6rperlicher Belastung, tw. Seekrankheit an Bord und einem Kn\u00f6chelbruch im Team. Nach 23,5 Stunden erreichten wir Biograd als erstes Boot der Einheitsklasse. Zweiter der Wettfahrt und Regatta wurde das Team Martin Wallus, welche aber das Blaue Band gewinnen konnten. Wir gratulieren sehr herzlich.<\/p>\n<div style=\"top: 0; left: 0; width: 100%; height: 0; position: relative; padding-bottom: 56.25%;\">\t\t\t\t<iframe loading=\"lazy\" title=\"IMG_6619\" style=\"width: 100%; height: 100%; position: absolute;\"  src=\"https:\/\/embedr.flickr.com\/photos\/51604126219\" width=\"1024\" height=\"576\" frameborder=\"0\" allow=\"autoplay; fullscreen\" allowfullscreen><\/iframe><\/div>\n<p>Gesamt haben von 44 Teams 11 Boote bei der Retourwettfahrt aufgegeben. In unserer Gruppe fielen 3 von 8 aus.<\/p>\n<p>Diese Regatta war f\u00fcr mich etwas besonderes, einerseits die extremen Bedingungen, andererseits der tolle Zusammenhalt der Crew. Dass wir auch noch das hochgesteckte Ziel zu gewinnen, umsetzen konnten, ist dabei sicher nicht vorrangig.<\/p>\n<p>Bedanken m\u00f6chte ich mich auch noch bei unserem robusten Schiff der &#8222;Albatros&#8220;, mit dem ich im September mit meinem Team auch den &#8222;Sail &amp; Fun Cup&#8220; gewinnen konnte. Die Albatros hat im Anschlu\u00df auch noch den Kornaticup (mit Klaus Pitter) und die &#8222;Round palagruza&#8220; gewonnen.<br \/>\n<a href=\"https:\/\/www.aquila-austria.at\/wp-content\/uploads\/2021\/11\/51604355600_6469f39f27_o.jpg\"><img loading=\"lazy\" decoding=\"async\" class=\"alignnone size-full wp-image-7113\" src=\"https:\/\/www.aquila-austria.at\/wp-content\/uploads\/2021\/11\/51604355600_6469f39f27_o.jpg\" alt=\"\" width=\"1864\" height=\"451\" srcset=\"https:\/\/www.aquila-austria.at\/wp-content\/uploads\/2021\/11\/51604355600_6469f39f27_o.jpg 1864w, https:\/\/www.aquila-austria.at\/wp-content\/uploads\/2021\/11\/51604355600_6469f39f27_o-300x73.jpg 300w, https:\/\/www.aquila-austria.at\/wp-content\/uploads\/2021\/11\/51604355600_6469f39f27_o-1024x248.jpg 1024w, https:\/\/www.aquila-austria.at\/wp-content\/uploads\/2021\/11\/51604355600_6469f39f27_o-768x186.jpg 768w, https:\/\/www.aquila-austria.at\/wp-content\/uploads\/2021\/11\/51604355600_6469f39f27_o-1536x372.jpg 1536w\" sizes=\"auto, (max-width: 1864px) 100vw, 1864px\" \/><\/a><\/p>\n<p>Ich freue mich schon auf den Coastcup 2022 und auf die Regatten der Segelcrew Hartberg und der Aquila Association Austria.<\/p>\n<p>Liebe Gr\u00fc\u00dfe,<br \/>\nHans Novak<\/p>\n","protected":false},"excerpt":{"rendered":"<p>Team`s Aquila dominieren die Einheitsklasse Bavaria 41S bei der OFFSHORE CHALLANGE 2021 2019 erreichten wir als neues Team auf Anhieb den 2. Platz des Coast Cup in der Einheitsklasse von Biograd nach Rovinj und retour bei Leichtwind. F\u00fcr uns eine Sensation. Nach Absage 2020 wegen Corona stand heuer die Offshore von Biograd nach Dubrovnik auf [&hellip;]<\/p>\n","protected":false},"author":2081,"featured_media":7107,"comment_status":"open","ping_status":"closed","sticky":false,"template":"","format":"standard","meta":{"_bbp_topic_count":0,"_bbp_reply_count":0,"_bbp_total_topic_count":0,"_bbp_total_reply_count":0,"_bbp_voice_count":0,"_bbp_anonymous_reply_count":0,"_bbp_topic_count_hidden":0,"_bbp_reply_count_hidden":0,"_bbp_forum_subforum_count":0,"ngg_post_thumbnail":0,"footnotes":""},"categories":[11],"tags":[117],"class_list":{"0":"post-7088","1":"post","2":"type-post","3":"status-publish","4":"format-standard","5":"has-post-thumbnail","7":"category-regatta-berichte","8":"tag-offshore","9":"czr-hentry"},"views":1772,"_links":{"self":[{"href":"https:\/\/www.aquila-austria.at\/index.php?rest_route=\/wp\/v2\/posts\/7088","targetHints":{"allow":["GET"]}}],"collection":[{"href":"https:\/\/www.aquila-austria.at\/index.php?rest_route=\/wp\/v2\/posts"}],"about":[{"href":"https:\/\/www.aquila-austria.at\/index.php?rest_route=\/wp\/v2\/types\/post"}],"author":[{"embeddable":true,"href":"https:\/\/www.aquila-austria.at\/index.php?rest_route=\/wp\/v2\/users\/2081"}],"replies":[{"embeddable":true,"href":"https:\/\/www.aquila-austria.at\/index.php?rest_route=%2Fwp%2Fv2%2Fcomments&post=7088"}],"version-history":[{"count":26,"href":"https:\/\/www.aquila-austria.at\/index.php?rest_route=\/wp\/v2\/posts\/7088\/revisions"}],"predecessor-version":[{"id":7132,"href":"https:\/\/www.aquila-austria.at\/index.php?rest_route=\/wp\/v2\/posts\/7088\/revisions\/7132"}],"wp:featuredmedia":[{"embeddable":true,"href":"https:\/\/www.aquila-austria.at\/index.php?rest_route=\/wp\/v2\/media\/7107"}],"wp:attachment":[{"href":"https:\/\/www.aquila-austria.at\/index.php?rest_route=%2Fwp%2Fv2%2Fmedia&parent=7088"}],"wp:term":[{"taxonomy":"category","embeddable":true,"href":"https:\/\/www.aquila-austria.at\/index.php?rest_route=%2Fwp%2Fv2%2Fcategories&post=7088"},{"taxonomy":"post_tag","embeddable":true,"href":"https:\/\/www.aquila-austria.at\/index.php?rest_route=%2Fwp%2Fv2%2Ftags&post=7088"}],"curies":[{"name":"wp","href":"https:\/\/api.w.org\/{rel}","templated":true}]}}