{"id":7072,"date":"2021-10-19T21:14:20","date_gmt":"2021-10-19T20:14:20","guid":{"rendered":"https:\/\/www.aquila-austria.at\/?p=7072"},"modified":"2021-11-11T15:36:46","modified_gmt":"2021-11-11T14:36:46","slug":"aquilas-im-wiener-windkanal","status":"publish","type":"post","link":"https:\/\/www.aquila-austria.at\/?p=7072","title":{"rendered":"Aquilas im Wiener Windkanal"},"content":{"rendered":"<p><a title=\"8\" href=\"https:\/\/www.flickr.com\/photos\/aquila-austria\/51607949133\/in\/album-72157720053031032\/\" data-flickr-embed=\"true\"><img loading=\"lazy\" decoding=\"async\" src=\"https:\/\/live.staticflickr.com\/65535\/51607949133_f7afff7e24_k.jpg\" alt=\"8\" width=\"1920\" height=\"607\"><\/a><script async=\"\" src=\"\/\/embedr.flickr.com\/assets\/client-code.js\" charset=\"utf-8\"><\/script> F\u00fcr den Segelclub Albertus Magnus Schule war es eine besondere Ehre, die Wiener Landesmeisterschaft in der Aquila-Klasse am ersten Oktoberwochenende 2021 auszurichten. Schlie\u00dflich zeigt unsere Vereinsflotte von rund 20 Aquilas eine gro\u00dfe Verbundenheit mit diesem fantastischen Boot \u2013 so stellten wir auch zehn von 14 Teams im Teilnehmerfeld. Heuer wurde erstmals ein neues Wertungssystem getestet: Mit der Aufteilung in vier Fleets, die zeitversetzt an den Start gingen. Ein guter Probelauf f\u00fcr eine Schwerpunkt-Regatta im n\u00e4chsten Jahr! Unsere Rinne ist mit nur rund 150 Metern Breite ja doch ein spezielles Gew\u00e4sser, das den Start &#8211; gerade bei hoher Teilnehmerzahl &#8211; schwierig gestalten kann. Umso mehr freut es uns, dass neben den bekannten Gesichtern der Aquila-Szene auch viele \u201eNewcomer\u201c an den Start gingen, die bisher erst wenige Regatten bestritten haben. Unser Revier legte bei diesem Feldversuch am Samstag jedoch nicht gerade gastfreundliche Konditionen an den Tag: Zu doch recht sportlicher Windst\u00e4rke gesellten sich noch einige giftige B\u00f6en hinzu. Als einer der Favoriten und der sp\u00e4tere Gewinner kurz nach dem ersten Start kenterte, war auch den noch trockenen Teams unmissverst\u00e4ndlich klar: Das wird kein Spaziergang. Deshalb legten ein paar Segler lieber einen Boxenstopp ein, als baden zu gehen. Andere mussten noch das Material optimieren und setzen daher ein oder zwei Runden aus. <a title=\"43\" href=\"https:\/\/www.flickr.com\/photos\/aquila-austria\/51607950563\/in\/album-72157720053031032\/\" data-flickr-embed=\"true\"><img loading=\"lazy\" decoding=\"async\" src=\"https:\/\/live.staticflickr.com\/65535\/51607950563_1a9d1000c9_k.jpg\" alt=\"43\" width=\"1920\" height=\"1280\"><\/a><script async=\"\" src=\"\/\/embedr.flickr.com\/assets\/client-code.js\" charset=\"utf-8\"><\/script> Vorjahrssieger und SC AMS-Pr\u00e4sident Anton Lorenz gab alles, um den Titel zu verteidigen: Ein Crash, eine Kenterung und zwei Mal notwendiger Austausch der Genua konnten den Kampfgeist seines Teams mit seinem Sohn Wenzel nicht brechen. Sie trotzen allen Widrigkeiten und unbeirrt weiter. Trotz dieses Engagements reichte es leider diesmal nicht f\u00fcr einen Stockerlplatz. <a title=\"159\" href=\"https:\/\/www.flickr.com\/photos\/aquila-austria\/51606904757\/in\/album-72157720053031032\/\" data-flickr-embed=\"true\"><img loading=\"lazy\" decoding=\"async\" src=\"https:\/\/live.staticflickr.com\/65535\/51606904757_55d5298d0a_k.jpg\" alt=\"159\" width=\"1920\" height=\"1080\"><\/a><script async=\"\" src=\"\/\/embedr.flickr.com\/assets\/client-code.js\" charset=\"utf-8\"><\/script> Die ersten beiden Pl\u00e4tze der Wettfahrten konnten sich Teams der \u201e\u00fcblichen Verd\u00e4chtigen\u201c sichern: Der Sieg ging an Raoul Otter (YCO) am Steuer mit Edgar Bsirsky (SCK), dicht gefolgt von Thomas Beidl mit Felix Redtenbacher (FOR). Der dritte Platz sorgte jedoch f\u00fcr eine \u00dcberraschung: Bei diesen Bedingungen bot die doch eher exotische Hubkiel-Variante der Aquila unbestreitbare Vorz\u00fcge. Diese konnten Roman Muth am Steuer mit Johannes Hampl an der Vorschot perfekt umsetzen. Die SC&nbsp;AMS-Mitglieder holten sich mit viel Gef\u00fchl f\u00fcr den Wind und Revierkenntnis nicht nur den Titel des dritten Platzes in der Gesamtwertung, sondern auch den Titel des Wiener Landesmeisters! <a title=\"200\" href=\"https:\/\/www.flickr.com\/photos\/aquila-austria\/51607949378\/in\/album-72157720053031032\/\" data-flickr-embed=\"true\"><img loading=\"lazy\" decoding=\"async\" src=\"https:\/\/live.staticflickr.com\/65535\/51607949378_44dc0211db_k.jpg\" alt=\"200\" width=\"1920\" height=\"1080\"><\/a><script async=\"\" src=\"\/\/embedr.flickr.com\/assets\/client-code.js\" charset=\"utf-8\"><\/script> Den Rang des zweiten Landesmeisters erk\u00e4mpfte ebenfalls zwei Seglerinnen des SC AMS mit Werner Kainacher vom Nachbarclub SAF. Yvonne Adler fiel leider in der ersten Wettfahrt verletzungsbedingt aus. Ihre Tochter Nathalie setze den Kurs aufs Siegertreppchen schlie\u00dflich bravour\u00f6s fort. \u00dcber Bronze durfte sich ebenfalls ein Team des SC AMS freuen: Fabian Obereder am Steuer erreichte mit Anna Hampl an der Vorschot den dritten Platz bei der Wiener Landesmeisterschaft. <a title=\"158\" href=\"https:\/\/www.flickr.com\/photos\/aquila-austria\/51607949783\/in\/album-72157720053031032\/\" data-flickr-embed=\"true\"><img loading=\"lazy\" decoding=\"async\" src=\"https:\/\/live.staticflickr.com\/65535\/51607949783_9a5309e009_k.jpg\" alt=\"158\" width=\"1920\" height=\"1080\"><\/a><script async=\"\" src=\"\/\/embedr.flickr.com\/assets\/client-code.js\" charset=\"utf-8\"><\/script> Ein dreifaches Hipp-Hipp-Hurra geb\u00fchrt auch dem gro\u00dfartigen Versorgungsteam am Wasser, Ufer und Komb\u00fcse \u2013 das neue Fleet-Wertungssystem stellte unsere Wettfahrtleitung zwar auch unter Herausforderungen, aber: Eine Schwerpunkt-Regatta mit dem Flotten-System hat sich beim Probelauf als \u00e4u\u00dferst sinnvoll erwiesen. Das kurz hintereinander zeitversetzte Starten gestaltet das Wettfahren bei vielen Teilnehmern in unserem schmalen Revier wesentlich entspannter. Bei \u00e4hnlichen Bedingungen, nur eben f\u00fcnf Minuten sp\u00e4ter. Der SC AMS freut sich deshalb auf ein Schwerpunkt-Klassentreffen der Aquilas im Fr\u00fchjahr 2022 mit dem neuen Wertungssystem!<\/p>\r\n\r\n<p>Weitere Links:&nbsp; <a href=\"https:\/\/www.aquila-austria.at\/wp-content\/uploads\/2021\/10\/aquila-lm-wienergebnisse_aquila.pdf.pdf\" target=\"_blank\" rel=\"noreferrer noopener\"><img loading=\"lazy\" decoding=\"async\" class=\"alignnone\" title=\"Ergebnissliste\" src=\"http:\/\/www.aquila-austria.at\/wp-content\/uploads\/2013\/10\/icon-ergebniss.jpg\" alt=\"\" width=\"30\" height=\"30\"><\/a><a href=\"https:\/\/www.flickr.com\/photos\/aquila-austria\/albums\/72157720053031032\/page1\" target=\"_blank\" rel=\"noopener noreferrer\">&nbsp; <img loading=\"lazy\" decoding=\"async\" class=\"alignnone\" title=\"Bilder\" src=\"http:\/\/www.aquila-austria.at\/wp-content\/uploads\/2013\/10\/icon-flickr.jpg\" alt=\"\" width=\"30\" height=\"29\"><\/a><\/p>\r\n<p>&nbsp;<\/p>\r\n<p>&nbsp; Miriam Krammer, SC AMS<\/p>","protected":false},"excerpt":{"rendered":"<p>F\u00fcr den Segelclub Albertus Magnus Schule war es eine besondere Ehre, die Wiener Landesmeisterschaft in der Aquila-Klasse am ersten Oktoberwochenende 2021 auszurichten. Schlie\u00dflich zeigt unsere Vereinsflotte von rund 20 Aquilas eine gro\u00dfe Verbundenheit mit diesem fantastischen Boot \u2013 so stellten wir auch zehn von 14 Teams im Teilnehmerfeld. Heuer wurde erstmals ein neues Wertungssystem getestet: [&hellip;]<\/p>\n","protected":false},"author":2081,"featured_media":7146,"comment_status":"open","ping_status":"closed","sticky":false,"template":"","format":"standard","meta":{"_bbp_topic_count":0,"_bbp_reply_count":0,"_bbp_total_topic_count":0,"_bbp_total_reply_count":0,"_bbp_voice_count":0,"_bbp_anonymous_reply_count":0,"_bbp_topic_count_hidden":0,"_bbp_reply_count_hidden":0,"_bbp_forum_subforum_count":0,"ngg_post_thumbnail":0,"footnotes":""},"categories":[11],"tags":[33],"class_list":{"0":"post-7072","1":"post","2":"type-post","3":"status-publish","4":"format-standard","5":"has-post-thumbnail","7":"category-regatta-berichte","8":"tag-donau","9":"czr-hentry"},"views":3349,"_links":{"self":[{"href":"https:\/\/www.aquila-austria.at\/index.php?rest_route=\/wp\/v2\/posts\/7072","targetHints":{"allow":["GET"]}}],"collection":[{"href":"https:\/\/www.aquila-austria.at\/index.php?rest_route=\/wp\/v2\/posts"}],"about":[{"href":"https:\/\/www.aquila-austria.at\/index.php?rest_route=\/wp\/v2\/types\/post"}],"author":[{"embeddable":true,"href":"https:\/\/www.aquila-austria.at\/index.php?rest_route=\/wp\/v2\/users\/2081"}],"replies":[{"embeddable":true,"href":"https:\/\/www.aquila-austria.at\/index.php?rest_route=%2Fwp%2Fv2%2Fcomments&post=7072"}],"version-history":[{"count":10,"href":"https:\/\/www.aquila-austria.at\/index.php?rest_route=\/wp\/v2\/posts\/7072\/revisions"}],"predecessor-version":[{"id":7084,"href":"https:\/\/www.aquila-austria.at\/index.php?rest_route=\/wp\/v2\/posts\/7072\/revisions\/7084"}],"wp:featuredmedia":[{"embeddable":true,"href":"https:\/\/www.aquila-austria.at\/index.php?rest_route=\/wp\/v2\/media\/7146"}],"wp:attachment":[{"href":"https:\/\/www.aquila-austria.at\/index.php?rest_route=%2Fwp%2Fv2%2Fmedia&parent=7072"}],"wp:term":[{"taxonomy":"category","embeddable":true,"href":"https:\/\/www.aquila-austria.at\/index.php?rest_route=%2Fwp%2Fv2%2Fcategories&post=7072"},{"taxonomy":"post_tag","embeddable":true,"href":"https:\/\/www.aquila-austria.at\/index.php?rest_route=%2Fwp%2Fv2%2Ftags&post=7072"}],"curies":[{"name":"wp","href":"https:\/\/api.w.org\/{rel}","templated":true}]}}