{"id":6915,"date":"2021-07-12T20:54:20","date_gmt":"2021-07-12T19:54:20","guid":{"rendered":"https:\/\/www.aquila-austria.at\/?p=6915"},"modified":"2021-07-12T21:16:27","modified_gmt":"2021-07-12T20:16:27","slug":"regatta-im-sct-mit-mann-ueber-bord","status":"publish","type":"post","link":"https:\/\/www.aquila-austria.at\/?p=6915","title":{"rendered":"Regatta im SCT, mit \u201eMann \u00fcber Bord\u201c"},"content":{"rendered":"\n<figure class=\"wp-block-embed is-type-photo is-provider-flickr wp-block-embed-flickr\"><div class=\"wp-block-embed__wrapper\">\n<a href=\"https:\/\/flic.kr\/p\/2maTRQX\"><img loading=\"lazy\" decoding=\"async\" src=\"https:\/\/live.staticflickr.com\/65535\/51307794755_6f7971528b_b.jpg\" alt=\"DSC_4578\" width=\"1024\" height=\"680\" \/><\/a>\n<\/div><\/figure>\n\n\n\n<p>15 Aquilas reisten zur Regatta im Rahmen der &#8222;Traunseewoche&#8220; am 10.\/11. Juli 2021 zum wundersch\u00f6nen Traunsee an, wir wurden mit den erforderlichen Covid-Bedingungen freundlich empfangen sowie mit Aufklebern und Geschenken \u00fcberh\u00e4uft.<\/p>\n\n\n\n<p>Besonders erfreulich ist, dass sich unsere Starterfelder mittlerweile so um die 15 Schiffe einpendeln. Dies ist u.a. dem Segeleifer unserer Wiener Freunden zuzuschreiben. Frisches \u201eSegelblut\u201c tut der Aquila-Klasse nat\u00fcrlich gut!<\/p>\n\n\n\n<p>Besonders hervorheben m\u00f6chte ich aber unsere deutschen Mitk\u00e4mpfer B\u00e4rbel und Marcus. Was die auf sich nehmen, ist schon erw\u00e4hnenswert! Alleine die Anreise mit ca. 9 Stunden(!!!) durch Unwetter und Unfalls-Staus gespickt, sei hier besonders hervorgehoben. Da muss sich der Segelvirus schon sehr festgesetzt haben, dass man sich solche Strapazen antut. Aber Gott sei Dank, dass es solche Enthusiasten gibt, wir freuen uns immer wenn wir sie auf unseren Meldelisten entdecken.<\/p>\n\n\n\n<p>Aufgrund der hohen Teilnehmerzahl war schon am Freitag ein gewisses Gedr\u00e4nge am Parkplatz des Clubs. Es waren ja neben den Aquilas und Zugv\u00f6gel auch andere Klassen im Rahmen einer Yardstickwertung am Start.<\/p>\n\n\n\n<p>Unser Klassensekret\u00e4r traf erst um Mitternacht ein, wir retteten uns bis dahin mit ein paar Achterl Wein \u00fcber die Zeit und konnten ihn dann mit vereinten Kr\u00e4ften in die freigehaltene Miniparkl\u00fccke einweisen, was dann auch millimetergenau gelang.<\/p>\n\n\n\n<p>Nach den Unwettern der vergangenen Tage hofften wir alle auf halbwegs gute Bedingungen. Die Wettfahrtleitung machte uns Hoffnungen, dass der Wind p\u00fcnktlich um ca. 1300 Uhr einsetzen w\u00fcrde. Und siehe da, sie hatten recht, es setzte sich ein wunderbarer Ostwind durch, der dann in den B\u00f6en sicher bis auf etwa 4 Bft auffrischte; sehr zur Freude von uns allen.<\/p>\n\n\n\n<p>Dann ging es p\u00fcnktlich um 1400h los, zuerst die Zugv\u00f6gel und dann wir. Die \u201e\u00fcblichen Verd\u00e4chtigen\u201c begannen sich sofort wieder abzusetzen, aber trotzdem gelang es dem einen oder anderen Verfolger sich auf die F\u00e4hrte der Davoneilenden (Beidl, Kalhamer und Otter) zu setzen. Es gl\u00fcckte nicht ganz, aber Teilerfolge waren zu verzeichnen. Hervorzuheben w\u00e4re auf jeden Fall die Leistung von Raoul, er segelte mit der bis dahin unbekannten Vorschoterin Karina Lochner; alle Achtung, der 3. Platz ist schon auch sehr erw\u00e4hnenswert.<\/p>\n\n\n\n<figure class=\"wp-block-embed is-type-photo is-provider-flickr wp-block-embed-flickr\"><div class=\"wp-block-embed__wrapper\">\n<a href=\"https:\/\/flic.kr\/p\/2maPGwc\"><img loading=\"lazy\" decoding=\"async\" src=\"https:\/\/live.staticflickr.com\/65535\/51306982943_cc90c2e9ae_b.jpg\" alt=\"DSC_4769\" width=\"1024\" height=\"680\" \/><\/a>\n<\/div><\/figure>\n\n\n\n<p>Mit den am gleichen Kurs segelnden Zugv\u00f6geln gab es ja keine Schwierigkeiten, aber der Zieleinlauf der ersten Wettfahrt entwickelte sich zu einer R\u00e4tsel-Rallye. Der F\u00fchrende konnte nur durch Rufverbindung mit der Wettfahrtleitung den Weg ins Ziel finden. Danke Martin f\u00fcr diese Vorarbeit, sonst w\u00e4ren wir noch alle ewig irgendwo herumgekurvt.<\/p>\n\n\n\n<p>Sonst kann ich ja keine besonderen Ereignisse vermelden, wir waren ja alle ziemlich mit Wind und Wellen besch\u00e4ftigt.<br>Au\u00dfer f\u00fcr mich und meinem Vorschoter Edgar. In der 3. Wettfahrt war Schluss mit lustig. Ich h\u00f6rt neben mir einen lauten Schnalzer (das bei meinen Ohren!!!) und mein Vorschoter war nicht mehr da. Er tauchte 30, 40 Meter hinter dem Boot wieder auf. Der Trapezring war gebrochen. Jetzt konnte ich endlich einmal das \u201eMann \u00fcber Bord\u201c Man\u00f6ver in der Realit\u00e4t \u00fcben! Flugs das Boot herum gerissen und zu Edgar aufgeschossen. Aber leider war mir eine Bergung mit Gro\u00dfsegel bei dem Wind nicht m\u00f6glich. Auch die Hilfe eines H-Bootes war erfolglos. Gro\u00dfsegel runter, dann war er gerettet ehe die Kr\u00e4fte nachlie\u00dfen. Immerhin hatten wir jetzt einen tollen Streicher.<\/p>\n\n\n\n<figure class=\"wp-block-embed is-type-photo is-provider-flickr wp-block-embed-flickr\"><div class=\"wp-block-embed__wrapper\">\n<a href=\"https:\/\/flic.kr\/p\/2maNGvA\"><img loading=\"lazy\" decoding=\"async\" src=\"https:\/\/live.staticflickr.com\/65535\/51306787796_5bdd22076d_b.jpg\" alt=\"DSC_4832\" width=\"1024\" height=\"680\" \/><\/a>\n<\/div><\/figure>\n\n\n\n<p>Ich setzte wieder m\u00fchsam das Gro\u00df, ein B\u00e4ndsel in das Trapezgeschirr, und wir waren zur 4. Wettfahrt knapp aber doch wieder einsatzbereit, wo es dann sogar noch den 3. Platz gab. Ende gut alles gut!!<\/p>\n\n\n\n<p>Zu erw\u00e4hnen w\u00e4re da noch die eine oder andere Problematik mit er Regelauslegung, da w\u00e4re sicher noch (fast) bei allen Luft nach oben, ich nehme mich da gar nicht aus, (mea culpa, wie wir Lateiner sagen). Letztendlich hatten sich dann die Favoriten doch durchgesetzt, Gratulation an die Stockerlpl\u00e4tze!<\/p>\n\n\n\n<ol class=\"wp-block-list\"><li>Beidl Thomas\/Redtenbacher Felix<\/li><li>Kalhamer Martin\/Christine<\/li><li>Otter Raoul\/Lochner Karina<\/li><\/ol>\n\n\n\n<p>Auch allen anderen meine Hochachtung! (vor allem unseren tapferen Frauen). Bei den Bedingungen sind 4 Wettfahrten am St\u00fcck kein Honiglecken, da muss man Regattasegeln schon sehr m\u00f6gen.<\/p>\n\n\n\n<p>Au\u00dfer einigen \u201eUndurchsichtigkeiten\u201c bzgl. der Feststellung der Zieldurchfahrten muss man der Wettfahrtleitung zugestehen, dass es sicher schwierig war alles im Auge zu behalten, es wurde ja auch parallel eine Yardstickregatta durchgef\u00fchrt.<\/p>\n\n\n\n<figure class=\"wp-block-embed is-type-photo is-provider-flickr wp-block-embed-flickr\"><div class=\"wp-block-embed__wrapper\">\n<a href=\"https:\/\/flic.kr\/p\/2maPGmC\"><img loading=\"lazy\" decoding=\"async\" src=\"https:\/\/live.staticflickr.com\/65535\/51306982388_9674dfbaa3_b.jpg\" alt=\"DSC_4783\" width=\"1024\" height=\"680\" \/><\/a>\n<\/div><\/figure>\n\n\n\n<p>Abends gab es das \u00fcbliche Segleressen, diesmal sogar mit Musikbegleitung.<\/p>\n\n\n\n<p>Nachdem ja aufgrund der tollen Bedingungen am Samstag alle geplanten 4 Wettfahrten durchgeboxt wurden, konnte der Sonntag Vormittag zum Boote einpacken, Wunden lecken und einer kleinen St\u00e4rkung mit Bratw\u00fcrsten verwendet werden.<\/p>\n\n\n\n<p>Nach der Siegerehrung mit vielen \u201eAppl\u00e4usen\u201c wurden wir mit guten W\u00fcnschen f\u00fcr die Heimreise entlassen &#8211; vielleicht auf ein Wiedersehen im n\u00e4chsten Jahr.<\/p>\n\n\n\n<p>Soweit von mir einige Zeilen zu dieser sch\u00f6nen, aber sicher sehr anspruchsvollen Regatta, mehr kann ich aus meiner Wahrnehmung nicht berichten.<\/p>\n\n\n\n<p>Falls es doch noch was Erw\u00e4hnenswertes gibt, bitte um einen weiteren Beitrag.<\/p>\n\n\n\n<p>In diesem Sinne, weiterhin \u201eMast und Schotbruch\u201c und noch einen sch\u00f6nen Sommer! Mit Freude auf ein Wiedersehen am 3. September am Attersee.<\/p>\n\n\n\n<p>Weitere Links:\u00a0<a href=\"https:\/\/www.aquila-austria.at\/wp-content\/uploads\/2021\/07\/traunkirchner-segeltage.pdf\" target=\"_blank\" rel=\"noreferrer noopener\"><img loading=\"lazy\" decoding=\"async\" title=\"Ergebnissliste\" width=\"30\" height=\"30\" class=\"alignnone\" src=\"http:\/\/www.aquila-austria.at\/wp-content\/uploads\/2013\/10\/icon-ergebniss.jpg\" alt=\"\"><\/a> <a href=\"https:\/\/www.flickr.com\/photos\/aquila-austria\/albums\/72157719529518823\"><img loading=\"lazy\" decoding=\"async\" title=\"Bilder\" width=\"30\" height=\"29\" class=\"alignnone\" src=\"http:\/\/www.aquila-austria.at\/wp-content\/uploads\/2013\/10\/icon-flickr.jpg\" alt=\"\"><\/a><\/p>\n\n\n\n<p>Liebe Gr\u00fc\u00dfe<br>Euer Fritz (AUT 29)<\/p>\n","protected":false},"excerpt":{"rendered":"<p>15 Aquilas reisten zur Regatta im Rahmen der &#8222;Traunseewoche&#8220; am 10.\/11. Juli 2021 zum wundersch\u00f6nen Traunsee an, wir wurden mit den erforderlichen Covid-Bedingungen freundlich empfangen sowie mit Aufklebern und Geschenken \u00fcberh\u00e4uft. Besonders erfreulich ist, dass sich unsere Starterfelder mittlerweile so um die 15 Schiffe einpendeln. Dies ist u.a. dem Segeleifer unserer Wiener Freunden zuzuschreiben. Frisches [&hellip;]<\/p>\n","protected":false},"author":2081,"featured_media":6918,"comment_status":"open","ping_status":"closed","sticky":false,"template":"","format":"standard","meta":{"_bbp_topic_count":0,"_bbp_reply_count":0,"_bbp_total_topic_count":0,"_bbp_total_reply_count":0,"_bbp_voice_count":0,"_bbp_anonymous_reply_count":0,"_bbp_topic_count_hidden":0,"_bbp_reply_count_hidden":0,"_bbp_forum_subforum_count":0,"ngg_post_thumbnail":0,"footnotes":""},"categories":[11],"tags":[52],"class_list":{"0":"post-6915","1":"post","2":"type-post","3":"status-publish","4":"format-standard","5":"has-post-thumbnail","7":"category-regatta-berichte","8":"tag-traunsee","9":"czr-hentry"},"views":1661,"_links":{"self":[{"href":"https:\/\/www.aquila-austria.at\/index.php?rest_route=\/wp\/v2\/posts\/6915","targetHints":{"allow":["GET"]}}],"collection":[{"href":"https:\/\/www.aquila-austria.at\/index.php?rest_route=\/wp\/v2\/posts"}],"about":[{"href":"https:\/\/www.aquila-austria.at\/index.php?rest_route=\/wp\/v2\/types\/post"}],"author":[{"embeddable":true,"href":"https:\/\/www.aquila-austria.at\/index.php?rest_route=\/wp\/v2\/users\/2081"}],"replies":[{"embeddable":true,"href":"https:\/\/www.aquila-austria.at\/index.php?rest_route=%2Fwp%2Fv2%2Fcomments&post=6915"}],"version-history":[{"count":7,"href":"https:\/\/www.aquila-austria.at\/index.php?rest_route=\/wp\/v2\/posts\/6915\/revisions"}],"predecessor-version":[{"id":6930,"href":"https:\/\/www.aquila-austria.at\/index.php?rest_route=\/wp\/v2\/posts\/6915\/revisions\/6930"}],"wp:featuredmedia":[{"embeddable":true,"href":"https:\/\/www.aquila-austria.at\/index.php?rest_route=\/wp\/v2\/media\/6918"}],"wp:attachment":[{"href":"https:\/\/www.aquila-austria.at\/index.php?rest_route=%2Fwp%2Fv2%2Fmedia&parent=6915"}],"wp:term":[{"taxonomy":"category","embeddable":true,"href":"https:\/\/www.aquila-austria.at\/index.php?rest_route=%2Fwp%2Fv2%2Fcategories&post=6915"},{"taxonomy":"post_tag","embeddable":true,"href":"https:\/\/www.aquila-austria.at\/index.php?rest_route=%2Fwp%2Fv2%2Ftags&post=6915"}],"curies":[{"name":"wp","href":"https:\/\/api.w.org\/{rel}","templated":true}]}}