{"id":6814,"date":"2021-06-14T08:02:14","date_gmt":"2021-06-14T07:02:14","guid":{"rendered":"https:\/\/www.aquila-austria.at\/?p=6814"},"modified":"2021-06-15T20:08:52","modified_gmt":"2021-06-15T19:08:52","slug":"4g-regel-gelacht-gesegelt-und-gut-gegessen","status":"publish","type":"post","link":"https:\/\/www.aquila-austria.at\/?p=6814","title":{"rendered":"4G Regel &#8211; Gelacht, Gesegelt und Gut Gegessen"},"content":{"rendered":"\n<p>\u00d6sterreichische Meisterschaft und Salzburger Landesverbandsmeisterschaft der Klasse Aquila.<\/p>\n\n\n\n<figure class=\"wp-block-embed is-type-photo is-provider-flickr wp-block-embed-flickr\"><div class=\"wp-block-embed__wrapper\">\n<a href=\"https:\/\/www.flickr.com\/photos\/aquila-austria\/51246505522\/in\/album-72157719413644326\/\"><img loading=\"lazy\" decoding=\"async\" src=\"https:\/\/live.staticflickr.com\/65535\/51246505522_7a9b4cd345_b.jpg\" alt=\"DSCF5318\" width=\"1024\" height=\"308\" \/><\/a>\n<\/div><\/figure>\n\n\n\n<p>Vor 2 Jahren, h\u00e4tte man nicht weiter nachgedacht. H\u00e4tte es f\u00fcr selbstverst\u00e4ndlich erachtet, dass man nach Obertrum zu den Wettfahrten kommt um ein sportliches und genussvolles Wochenende mit seinen Aquila-Freunden verbringt.<\/p>\n\n\n\n<p>Heute, 2021, dirigiert unsere Termine ein unsichtbarer Geist. Der uns zeigt, dass nichts selbstverst\u00e4ndlich ist. Im heurigen Jahr sind wir mit so viel Vorfreude nach Obertrum gekommen. Sogar das Wetter haben sie uns organisiert! Sonnenschein vom Feinsten, sommerlichen Temperaturen, m\u00e4\u00dfig Wind zum Einklang der Regattasaison und ein See, in dem man sogar schwimmen konnte. Martin Kalhamer, wie hast du das in so kurzer Zeit \u00fcberhaupt hinbekommen? Da wissen die Meteorologen nicht wie das Wetter wird, sollen mal den Martin fragen, der wei\u00df anscheinend wie das geht.<br>An der Dosierung des Windes m\u00fcssen wir noch arbeiten, aber das wird schon.<\/p>\n\n\n\n<p>Jedenfalls sind au\u00dfer uns noch 15 Schiffe angereist um sich zu matchen. Fast schon international. Neben den Lokalmatadoren aus O\u00d6 traten Germanien, Vorarlberg und Wien gegeneinander an. Ebenso versuchten es die Youngsters aus FOR Steyr mit allen aufzunehmen. Aber man sah auch die vertrauten Gesichter, die an fast allen Regatten teilnehmen und jene, die schon l\u00e4nger pausiert hatten. Es zeigt, dass es nicht allein am seglerischen K\u00f6nnen liegen kann, dass sich eine so alte Klasse bis heute durchgesetzt hat. 16 Schiffe = 32 Player.<\/p>\n\n\n\n<figure class=\"wp-block-embed is-type-photo is-provider-flickr wp-block-embed-flickr\"><div class=\"wp-block-embed__wrapper\">\n<a href=\"https:\/\/www.flickr.com\/photos\/aquila-austria\/51246507802\/in\/album-72157719413644326\/\"><img loading=\"lazy\" decoding=\"async\" src=\"https:\/\/live.staticflickr.com\/65535\/51246507802_351c2851ea_b.jpg\" alt=\"DSC02333\" width=\"1024\" height=\"768\" \/><\/a>\n<\/div><\/figure>\n\n\n\n<p class=\"has-medium-font-size\">Donnerstag: 1. Tag: Sommer, Sonne, Sonnenschein.<\/p>\n\n\n\n<p>Es trudelten nach und nach die Teams ein und dann, mein Herz begann zu klopfen, fuhr unser erstes Regatta Schiff \u201cChili\u201d die Einfahrt herunter. Erinnerungen kamen auf. Es freut uns alle besonders, dass mit dem Verkauf der Chili, ein Team mehr nun zur Aquilafamilie z\u00e4hlt. Sowie unsere Germanen haben sie mit Abstand den weitesten Weg zur\u00fcckgelegt, um an der Regatta teilzunehmen, die am Donnerstag nicht mehr stattfinden konnte, weil zu den sommerlichen Temperaturen, der Wind gefehlt hatte. Aber ganz ehrlich, wir h\u00e4tten doch sonst gar keine Zeit gehabt uns mit allen zu unterhalten.<\/p>\n\n\n\n<figure class=\"wp-block-embed is-type-photo is-provider-flickr wp-block-embed-flickr\"><div class=\"wp-block-embed__wrapper\">\n<a href=\"https:\/\/www.flickr.com\/photos\/aquila-austria\/51247421843\/in\/album-72157719413644326\/\"><img loading=\"lazy\" decoding=\"async\" src=\"https:\/\/live.staticflickr.com\/65535\/51247421843_b23da27db0_b.jpg\" alt=\"DSC02342\" width=\"1024\" height=\"768\" \/><\/a>\n<\/div><\/figure>\n\n\n\n<p class=\"has-medium-font-size\">Freitag: 2. Tag: Sommer, Sonne, Sonnenschein. Start 8:00 Uhr.<\/p>\n\n\n\n<p>Zum ersten Mal konnten wir die Vorz\u00fcge eines Wohnmobils genie\u00dfen. Gem\u00fctlich aufstehen, fr\u00fchst\u00fccken und abwarten&#8230;. Die Sache mit dem Wind, ist auch am Freitag nur eine M\u00e4hr geblieben. Wir hatten uns aber wirklich gut am\u00fcsiert. Besonders die Jungs aus FOR Steyr haben uns positiv \u00fcberrascht. Ihre erfrischenden Ideen und Ratschl\u00e4ge hatten den einen oder anderen zum Lachen gebracht. Man hatte fast schon den Eindruck, dass sie schon immer dabei gewesen waren. Sehr erfrischend. Wie sich die eine oder andere Theorie am Wasser umsetzen l\u00e4sst, zeigte sich noch. Vor allem ist nicht nur jung und wendig ein Vorteil, sondern kann auch Geschick und Erfahrung ein Vorteil sein. Das kann ich pers\u00f6nlich best\u00e4tigen, daran arbeiten wir schon seit 2011.<\/p>\n\n\n\n<figure class=\"wp-block-embed is-type-photo is-provider-flickr wp-block-embed-flickr\"><div class=\"wp-block-embed__wrapper\">\n<a href=\"https:\/\/www.flickr.com\/photos\/aquila-austria\/51247422203\/in\/album-72157719413644326\/\"><img loading=\"lazy\" decoding=\"async\" src=\"https:\/\/live.staticflickr.com\/65535\/51247422203_5797d16fae_b.jpg\" alt=\"DSC02373\" width=\"1024\" height=\"792\" \/><\/a>\n<\/div><\/figure>\n\n\n\n<p class=\"has-medium-font-size\">Samstag 3. Tag: Sommer, Sonne, Sonnenschein. Start 8:30 Uhr.<\/p>\n\n\n\n<p>5 Wettfahrten sollten gefahren werden. So der Plan. Wir waren uns alle einig, dass ist kein Problem. Denn schlie\u00dflich sind wir ja nicht nur wegen der guten Laune im SSC sondern zum Segeln.<\/p>\n\n\n\n<p>Lieber Martin, danke, dass du auch an den Wind gedacht hast. Kam zwar etwas versp\u00e4tet, aber das ist zurzeit normal. Keine Lieferung kommt mehr p\u00fcnktlich. Da kannst du eigentlich nichts daf\u00fcr. Aber am Samstag kam nun per Express der Wind geliefert. Nur an den Richtungs\u00e4nderungen m\u00fcssen wir noch arbeiten. Und, wenn es m\u00f6glich w\u00e4re, ein bissen mehr Durchhalteverm\u00f6gen. Egal. Gestartet wurde! &nbsp;&nbsp;<\/p>\n\n\n\n<p>Die erste Wettfahrt 2021. Man muss sich erst einmal zurechtfinden am Schiff. So viele Leinen?! Nachdem man sich an Board wieder gesammelt hat und die Gegner im Auge behalten konnte, hatte es uns so richtig Spa\u00df gemacht. Nur den Obertrummersee, den verstehen wir nicht. \u201cIch kann den See nicht lesen!\u201d, nahmen wir die verzweifelten Worte von GER 658 wahr. So vornehm h\u00f6rt man selten wen fluchen. Die \u00d6sis haben da ein anderes Repertoire. Segeln ist Schach am Wasser oder ein Krimi, wie man es auch betrachten mag. Am Ende vom Tag, wissen wir es immer besser! Das nennt man Erfahrung!<\/p>\n\n\n\n<figure class=\"wp-block-embed is-type-photo is-provider-flickr wp-block-embed-flickr\"><div class=\"wp-block-embed__wrapper\">\n<a href=\"https:\/\/www.flickr.com\/photos\/aquila-austria\/51247979719\/in\/album-72157719413644326\/\"><img loading=\"lazy\" decoding=\"async\" src=\"https:\/\/live.staticflickr.com\/65535\/51247979719_a90f75d13e_b.jpg\" alt=\"DSCF5322\" width=\"1024\" height=\"363\" \/><\/a>\n<\/div><\/figure>\n\n\n\n<p class=\"has-medium-font-size\">Sonntag 4. Tag: Regen, dann Sonne. Start 9:00 Uhr<\/p>\n\n\n\n<p>Aus den geplanten 5 Wettfahrten am Samstag wurden doch nur 3. F\u00fcr eine g\u00fcltige \u00d6M braucht es aber mindestens 4 Wettfahrten. Daher sind wir am Ersatztermin Sonntag noch eine Wettfahrt gesegelt. Im Regen! Im SSC wird f\u00fcr Abwechslung gesorgt. Der \u00f6sterreichische Meister, AUT 2000 Raoul und Maria Otter, stand eigentlich schon am Morgen fest. Ebenso der Landesmeister AUT 213 Martin und Christine Kalhamer. Der 3. Platz ging aber nicht an AUT 999 Walus Markus und Obereder Fabian sondern an AUT 29 Fritz Wallisch und Bsirsky Edgar. Da wurden die Karten neu gemischt. Auch Ferdinand Brandst\u00e4tter mit AUT 127 war dem 3. Platz schon nahe. Wie schon eine \u00f6sterreichische Poplegende festgestellt hatte. Alles ist m\u00f6glich, nix ist fix! Mit diesen Worten m\u00f6chten wir uns bei allen bedanken.<\/p>\n\n\n\n<figure class=\"wp-block-embed is-type-photo is-provider-flickr wp-block-embed-flickr\"><div class=\"wp-block-embed__wrapper\">\n<a href=\"https:\/\/www.flickr.com\/photos\/aquila-austria\/51246507242\/in\/album-72157719413644326\/\"><img loading=\"lazy\" decoding=\"async\" src=\"https:\/\/live.staticflickr.com\/65535\/51246507242_514fb813df_b.jpg\" alt=\"DSC02736\" width=\"1024\" height=\"746\" \/><\/a>\n<\/div><\/figure>\n\n\n\n<p>Liebe Eva, lieber Lukas! Mit eurer AUT 222 seid ihr schon gut dabei. Es w\u00fcrde uns freuen, euch bald wieder zu sehen!<\/p>\n\n\n\n<p>AUT 221 Lieber Herwig: ihr habt auf den letzten Platz gesetzt und habt einige hinter euch gelassen. Von nun an werdet auch ihr gejagt.<\/p>\n\n\n\n<p>An die Youngsters: Als ich so jung war wie ihr, dachte ich, ich bin unbesiegbar! Bis heute halte ich an dem Glauben fest. Man muss lernen, wenn man hinf\u00e4llt, muss man aufstehen und es wieder versuchen. Niemals aufgeben! Also, wir erwarten euch bald wieder an der Startlinie. Der letzte Satz gilt f\u00fcr ALLE!!!<\/p>\n\n\n<p>&nbsp;<\/p>\n<p>Weitere Links:&nbsp;<a href=\"https:\/\/www.aquila-austria.at\/wp-content\/uploads\/2021\/06\/Aquila-SSC-2021.pdf\" target=\"_blank\" rel=\"noopener noreferrer\"><img loading=\"lazy\" decoding=\"async\" class=\"alignnone\" title=\"Ergebnissliste\" src=\"http:\/\/www.aquila-austria.at\/wp-content\/uploads\/2013\/10\/icon-ergebniss.jpg\" alt=\"\" width=\"30\" height=\"30\"><\/a> <a href=\"https:\/\/www.flickr.com\/photos\/aquila-austria\/albums\/72157719413644326\" rel=\"noopener noreferrer\"><img loading=\"lazy\" decoding=\"async\" class=\"alignnone\" title=\"Bilder\" src=\"http:\/\/www.aquila-austria.at\/wp-content\/uploads\/2013\/10\/icon-flickr.jpg\" alt=\"\" width=\"30\" height=\"29\"><\/a><\/p>\n<div id=\"attachment_6847\" style=\"width: 205px\" class=\"wp-caption alignleft\"><img loading=\"lazy\" decoding=\"async\" aria-describedby=\"caption-attachment-6847\" class=\"wp-image-6847 size-full\" src=\"https:\/\/www.aquila-austria.at\/wp-content\/uploads\/2021\/06\/moni-auf-der-kokusnuss.jpg\" alt=\"\" width=\"195\" height=\"236\"><p id=\"caption-attachment-6847\" class=\"wp-caption-text\">Moni auf der Kokosnuss <br>AUT 2002<\/p><\/div>","protected":false},"excerpt":{"rendered":"<p>\u00d6sterreichische Meisterschaft und Salzburger Landesverbandsmeisterschaft der Klasse Aquila. Vor 2 Jahren, h\u00e4tte man nicht weiter nachgedacht. H\u00e4tte es f\u00fcr selbstverst\u00e4ndlich erachtet, dass man nach Obertrum zu den Wettfahrten kommt um ein sportliches und genussvolles Wochenende mit seinen Aquila-Freunden verbringt. Heute, 2021, dirigiert unsere Termine ein unsichtbarer Geist. Der uns zeigt, dass nichts selbstverst\u00e4ndlich ist. Im [&hellip;]<\/p>\n","protected":false},"author":2081,"featured_media":2020,"comment_status":"open","ping_status":"closed","sticky":false,"template":"","format":"standard","meta":{"_bbp_topic_count":0,"_bbp_reply_count":0,"_bbp_total_topic_count":0,"_bbp_total_reply_count":0,"_bbp_voice_count":0,"_bbp_anonymous_reply_count":0,"_bbp_topic_count_hidden":0,"_bbp_reply_count_hidden":0,"_bbp_forum_subforum_count":0,"ngg_post_thumbnail":0,"footnotes":""},"categories":[11],"tags":[26],"class_list":{"0":"post-6814","1":"post","2":"type-post","3":"status-publish","4":"format-standard","5":"has-post-thumbnail","7":"category-regatta-berichte","8":"tag-obertrumer-see","9":"czr-hentry"},"views":3003,"_links":{"self":[{"href":"https:\/\/www.aquila-austria.at\/index.php?rest_route=\/wp\/v2\/posts\/6814","targetHints":{"allow":["GET"]}}],"collection":[{"href":"https:\/\/www.aquila-austria.at\/index.php?rest_route=\/wp\/v2\/posts"}],"about":[{"href":"https:\/\/www.aquila-austria.at\/index.php?rest_route=\/wp\/v2\/types\/post"}],"author":[{"embeddable":true,"href":"https:\/\/www.aquila-austria.at\/index.php?rest_route=\/wp\/v2\/users\/2081"}],"replies":[{"embeddable":true,"href":"https:\/\/www.aquila-austria.at\/index.php?rest_route=%2Fwp%2Fv2%2Fcomments&post=6814"}],"version-history":[{"count":25,"href":"https:\/\/www.aquila-austria.at\/index.php?rest_route=\/wp\/v2\/posts\/6814\/revisions"}],"predecessor-version":[{"id":6926,"href":"https:\/\/www.aquila-austria.at\/index.php?rest_route=\/wp\/v2\/posts\/6814\/revisions\/6926"}],"wp:featuredmedia":[{"embeddable":true,"href":"https:\/\/www.aquila-austria.at\/index.php?rest_route=\/wp\/v2\/media\/2020"}],"wp:attachment":[{"href":"https:\/\/www.aquila-austria.at\/index.php?rest_route=%2Fwp%2Fv2%2Fmedia&parent=6814"}],"wp:term":[{"taxonomy":"category","embeddable":true,"href":"https:\/\/www.aquila-austria.at\/index.php?rest_route=%2Fwp%2Fv2%2Fcategories&post=6814"},{"taxonomy":"post_tag","embeddable":true,"href":"https:\/\/www.aquila-austria.at\/index.php?rest_route=%2Fwp%2Fv2%2Ftags&post=6814"}],"curies":[{"name":"wp","href":"https:\/\/api.w.org\/{rel}","templated":true}]}}