{"id":6655,"date":"2020-10-08T09:13:14","date_gmt":"2020-10-08T08:13:14","guid":{"rendered":"http:\/\/www.aquila-austria.at\/?p=6655"},"modified":"2020-10-08T09:58:57","modified_gmt":"2020-10-08T08:58:57","slug":"das-war-mattsee-2020","status":"publish","type":"post","link":"https:\/\/www.aquila-austria.at\/?p=6655","title":{"rendered":"Das war Mattsee 2020!"},"content":{"rendered":"\n<p>Ich bitte anfangs gleich einmal um Nachsicht, wenn auch dieser Bericht etwas subjektiv gef\u00e4rbt ist \u2013 man muss sich ja auch hin und wieder selber ein wenig loben, aber auch R\u00fcckschl\u00e4ge einstecken k\u00f6nnen.<\/p>\n\n\n\n<p>Nachdem uns der Windgott am Attersee heuer so gar nicht hold war (keine Wettfahrt aber daf\u00fcr herrliches Badewetter &#8211; immerhin) fieberte die Aquila-Familie schon auf auf den Termin am 19.\/20. Sept am Mattsee entgegen. Es ist ja schon fast ein ganzes Jahr ohne \u201eKampf\u201c auf dem Wasser vergangen \u2013 zumindest f\u00fcr die meisten der Aquila-Truppe. Dementsprechend gro\u00df war auch das \u201eGedr\u00e4nge\u201c auf der Meldeliste \u2013 es waren vorerst einmal 16 Schiffe gemeldet. Viele Klassen w\u00fcrden sich \u00fcber so viel Segelbegeisterung freuen. Letztendlich waren dann 12 Mannschaften am Start, immer noch ganz beachtlich.<\/p>\n\n\n\n<p>Dann ging es los. Die erste Wettfahrt endete so, wie man es eigentlich schon gewohnt war, allerdings in einer etwas ver\u00e4nderten Reihenfolge:<\/p>\n\n\n\n<ol class=\"wp-block-list\"><li>Raoul\/Maria Otter<\/li><li>Fritz Wallisch\/Edgar Bsirsky<\/li><li>Martin\/Christine Kalhamer<\/li><li>etwas \u00fcberraschend Thomas Beidl\/Felix Redtenbacher<\/li><\/ol>\n\n\n\n<p>Bei Fritz und Edgar war die Freude nat\u00fcrlich gro\u00df, weil das gesteckte Ziel, immer wieder eines der ganz starken Teams zu schlagen, erst einmal gelungen war.<\/p>\n\n\n\n<figure class=\"wp-block-image size-large\"><img loading=\"lazy\" decoding=\"async\" width=\"1024\" height=\"736\" src=\"http:\/\/www.aquila-austria.at\/wp-content\/uploads\/2020\/10\/SCM_2a-1024x736.jpg\" alt=\"\" class=\"wp-image-6659\" srcset=\"https:\/\/www.aquila-austria.at\/wp-content\/uploads\/2020\/10\/SCM_2a-1024x736.jpg 1024w, https:\/\/www.aquila-austria.at\/wp-content\/uploads\/2020\/10\/SCM_2a-300x216.jpg 300w, https:\/\/www.aquila-austria.at\/wp-content\/uploads\/2020\/10\/SCM_2a-768x552.jpg 768w, https:\/\/www.aquila-austria.at\/wp-content\/uploads\/2020\/10\/SCM_2a-1536x1105.jpg 1536w, https:\/\/www.aquila-austria.at\/wp-content\/uploads\/2020\/10\/SCM_2a.jpg 1599w\" sizes=\"auto, (max-width: 1024px) 100vw, 1024px\" \/><\/figure>\n\n\n\n<p>Aber dann kam die 2. Wettfahrt! Es brach ein regelrechtes Windchaos aus, dieses schob die Boote wie auf einem Schachbrett scheinbar willk\u00fcrlich durcheinander. Nicht nur bei Fritz u. Edgar machte sich leichte Panik breit. Einige Boote hatten aber trotzdem den richtigen Riecher: <\/p>\n\n\n\n<ol class=\"wp-block-list\"><li>Martin\/Christine Kalhamer mit Privatb\u00f6<\/li><li>Karin Eder\/Martin Kalhamer jun. und <\/li><li>Christian Kimmeswenger\/Monika<\/li><\/ol>\n\n\n\n<p>Dazu kann man auch nur neidlos gratulieren. Die vermeintlichen Favoriten gingen mehr oder weniger \u201eunter\u201c. Der Rest der Truppe k\u00e4mpfte ebenso verzweifelt um eine vern\u00fcnftige Platzierung.<\/p>\n\n\n\n<p>Die 4. und 5. Wettfahrt stellte aber bei halbwegs guten Windbedingungen wieder so ungef\u00e4hr die schon gewohnte Rangordnung her.<\/p>\n\n\n\n<p>Fritz und Edgar hatten oben genanntes Ziel also erreicht und sogar \u00fcbertroffen, indem sie mit der alten \u201ePUNTA\u201c letztendlich jede unserer Spitzenmannschaften zumindest einmal schlagen konnten, das tut nat\u00fcrlich der Psyche auch gut. (Siehe oben).<\/p>\n\n\n\n<p>Letztendlich haben sich aber die \u00fcblichen Verd\u00e4chtigen doch durchgesetzt wie man aus der beiliegenden Ergebnisliste ersehen kann, aber unser aller Ziel wird weiterhin sein, den super Seglern die Stirn zu bieten und den einen oder anderen Erfolg (Sieg?) einzufahren \u2013 nur nicht nachlassen!!!!<\/p>\n\n\n\n<figure class=\"wp-block-image size-large\"><img loading=\"lazy\" decoding=\"async\" width=\"1024\" height=\"768\" src=\"http:\/\/www.aquila-austria.at\/wp-content\/uploads\/2020\/10\/SCM_1a.jpg\" alt=\"\" class=\"wp-image-6658\" srcset=\"https:\/\/www.aquila-austria.at\/wp-content\/uploads\/2020\/10\/SCM_1a.jpg 1024w, https:\/\/www.aquila-austria.at\/wp-content\/uploads\/2020\/10\/SCM_1a-300x225.jpg 300w, https:\/\/www.aquila-austria.at\/wp-content\/uploads\/2020\/10\/SCM_1a-768x576.jpg 768w\" sizes=\"auto, (max-width: 1024px) 100vw, 1024px\" \/><\/figure>\n\n\n\n<p>Trotz der schwierigen organisatorischen Corona-Bedingungen wurde die Veranstaltung sehr professionell durchgef\u00fchrt, die Wettkampfleitung agierte \u00e4u\u00dferst kompetent und hat uns nie im unklaren gelassen. Es waren ja immerhin gleichzeitig 3 Bootsklassen am Start (Aquila, Korsar, FD).<\/p>\n\n\n\n<p>Aufgrund der Corona-Vorgaben konnte das obligate Segleressen nicht wie gewohnt im Klubhaus stattfinden. (Freibier gab`s aber schon!!) Auch kein Problem, es wurden einfach Gutscheine ausgegeben, diese konnten im Stiftskeller bei super Bewirtung eingel\u00f6st werden \u2013 alles perfekt und coronakonform abgelaufen!<\/p>\n\n\n\n<p>Martin Kalhamer hat da seine \u00f6rtliche Autorit\u00e4t voll eingesetzt &#8211; vielen Dank.<\/p>\n\n\n\n<p>Alles in allem eine sehr sch\u00f6ne und gut organisierte Veranstaltung, das leichte Chaos am Parkplatz mit den 3 Bootsklassen nahm man da gerne in Kauf.<\/p>\n\n\n\n<p>So, das w\u00e4r`s von meiner Seite<\/p>\n\n\n\n<p>LG von eurem \u201eGegner\u201c Fritz (AUT 29)<\/p>\n\n\n\n<p>PS: Voller Erwartung auf Seeham wurden schon einige Boote am Abend dort hin verlegt und auf dem Klubgel\u00e4nde abgestellt \u2013 danke an den SSC!! Diese Regatta ist auch schon erledigt, aber das ist eine andere Geschichte.<\/p>\n\n\n\n<p>Weitere Links: <a href=\"http:\/\/www.aquila-austria.at\/wp-content\/uploads\/2020\/09\/ergebnisse_scm_2020091617.pdf\" target=\"_blank\" rel=\"noreferrer noopener\">Ergebnisliste<\/a><\/p>\n\n\n\n<p><\/p>\n","protected":false},"excerpt":{"rendered":"<p>Ich bitte anfangs gleich einmal um Nachsicht, wenn auch dieser Bericht etwas subjektiv gef\u00e4rbt ist \u2013 man muss sich ja auch hin und wieder selber ein wenig loben, aber auch R\u00fcckschl\u00e4ge einstecken k\u00f6nnen. Nachdem uns der Windgott am Attersee heuer so gar nicht hold war (keine Wettfahrt aber daf\u00fcr herrliches Badewetter &#8211; immerhin) fieberte die [&hellip;]<\/p>\n","protected":false},"author":2081,"featured_media":2612,"comment_status":"open","ping_status":"closed","sticky":false,"template":"","format":"standard","meta":{"_bbp_topic_count":0,"_bbp_reply_count":0,"_bbp_total_topic_count":0,"_bbp_total_reply_count":0,"_bbp_voice_count":0,"_bbp_anonymous_reply_count":0,"_bbp_topic_count_hidden":0,"_bbp_reply_count_hidden":0,"_bbp_forum_subforum_count":0,"ngg_post_thumbnail":0,"footnotes":""},"categories":[11],"tags":[21],"class_list":{"0":"post-6655","1":"post","2":"type-post","3":"status-publish","4":"format-standard","5":"has-post-thumbnail","7":"category-regatta-berichte","8":"tag-mattsee","9":"czr-hentry"},"views":2367,"_links":{"self":[{"href":"https:\/\/www.aquila-austria.at\/index.php?rest_route=\/wp\/v2\/posts\/6655","targetHints":{"allow":["GET"]}}],"collection":[{"href":"https:\/\/www.aquila-austria.at\/index.php?rest_route=\/wp\/v2\/posts"}],"about":[{"href":"https:\/\/www.aquila-austria.at\/index.php?rest_route=\/wp\/v2\/types\/post"}],"author":[{"embeddable":true,"href":"https:\/\/www.aquila-austria.at\/index.php?rest_route=\/wp\/v2\/users\/2081"}],"replies":[{"embeddable":true,"href":"https:\/\/www.aquila-austria.at\/index.php?rest_route=%2Fwp%2Fv2%2Fcomments&post=6655"}],"version-history":[{"count":4,"href":"https:\/\/www.aquila-austria.at\/index.php?rest_route=\/wp\/v2\/posts\/6655\/revisions"}],"predecessor-version":[{"id":6664,"href":"https:\/\/www.aquila-austria.at\/index.php?rest_route=\/wp\/v2\/posts\/6655\/revisions\/6664"}],"wp:featuredmedia":[{"embeddable":true,"href":"https:\/\/www.aquila-austria.at\/index.php?rest_route=\/wp\/v2\/media\/2612"}],"wp:attachment":[{"href":"https:\/\/www.aquila-austria.at\/index.php?rest_route=%2Fwp%2Fv2%2Fmedia&parent=6655"}],"wp:term":[{"taxonomy":"category","embeddable":true,"href":"https:\/\/www.aquila-austria.at\/index.php?rest_route=%2Fwp%2Fv2%2Fcategories&post=6655"},{"taxonomy":"post_tag","embeddable":true,"href":"https:\/\/www.aquila-austria.at\/index.php?rest_route=%2Fwp%2Fv2%2Ftags&post=6655"}],"curies":[{"name":"wp","href":"https:\/\/api.w.org\/{rel}","templated":true}]}}