{"id":654,"date":"2012-11-23T18:27:10","date_gmt":"2012-11-23T17:27:10","guid":{"rendered":"http:\/\/www.aquila-austria.at\/?p=654"},"modified":"2013-11-21T00:48:48","modified_gmt":"2013-11-20T23:48:48","slug":"regattakalender-2013","status":"publish","type":"post","link":"https:\/\/www.aquila-austria.at\/?p=654","title":{"rendered":"Regattakalender 2013"},"content":{"rendered":"<div>\n<p>Liebe Aquila Familie,<br \/>\nMartin Kalhamer hat mir gestern die Regattatermine f\u00fcr 2013 bekannt gegeben.<\/p>\n<p>Diese m\u00f6chte ich euch nat\u00fcrlich nicht vorenthalten.<\/p>\n<p>Die Termine findet\u00a0im <a href=\"http:\/\/www.aquila-austria.at\/?page_id=146\" target=\"_blank\">Kalender<\/a><br \/>\nViele Gr\u00fc\u00dfe<\/p>\n<p>Harry<\/p>\n<\/div>\n","protected":false},"excerpt":{"rendered":"<p>Liebe Aquila Familie, Martin Kalhamer hat mir gestern die Regattatermine f\u00fcr 2013 bekannt gegeben. Diese m\u00f6chte ich euch nat\u00fcrlich nicht vorenthalten. Die Termine findet\u00a0im Kalender Viele Gr\u00fc\u00dfe Harry<\/p>\n","protected":false},"author":2,"featured_media":0,"comment_status":"open","ping_status":"closed","sticky":false,"template":"","format":"standard","meta":{"_bbp_topic_count":0,"_bbp_reply_count":0,"_bbp_total_topic_count":0,"_bbp_total_reply_count":0,"_bbp_voice_count":0,"_bbp_anonymous_reply_count":0,"_bbp_topic_count_hidden":0,"_bbp_reply_count_hidden":0,"_bbp_forum_subforum_count":0,"ngg_post_thumbnail":0,"footnotes":""},"categories":[1],"tags":[],"class_list":{"0":"post-654","1":"post","2":"type-post","3":"status-publish","4":"format-standard","6":"category-allgemein","7":"czr-hentry"},"views":1937,"_links":{"self":[{"href":"https:\/\/www.aquila-austria.at\/index.php?rest_route=\/wp\/v2\/posts\/654","targetHints":{"allow":["GET"]}}],"collection":[{"href":"https:\/\/www.aquila-austria.at\/index.php?rest_route=\/wp\/v2\/posts"}],"about":[{"href":"https:\/\/www.aquila-austria.at\/index.php?rest_route=\/wp\/v2\/types\/post"}],"author":[{"embeddable":true,"href":"https:\/\/www.aquila-austria.at\/index.php?rest_route=\/wp\/v2\/users\/2"}],"replies":[{"embeddable":true,"href":"https:\/\/www.aquila-austria.at\/index.php?rest_route=%2Fwp%2Fv2%2Fcomments&post=654"}],"version-history":[{"count":6,"href":"https:\/\/www.aquila-austria.at\/index.php?rest_route=\/wp\/v2\/posts\/654\/revisions"}],"predecessor-version":[{"id":1230,"href":"https:\/\/www.aquila-austria.at\/index.php?rest_route=\/wp\/v2\/posts\/654\/revisions\/1230"}],"wp:attachment":[{"href":"https:\/\/www.aquila-austria.at\/index.php?rest_route=%2Fwp%2Fv2%2Fmedia&parent=654"}],"wp:term":[{"taxonomy":"category","embeddable":true,"href":"https:\/\/www.aquila-austria.at\/index.php?rest_route=%2Fwp%2Fv2%2Fcategories&post=654"},{"taxonomy":"post_tag","embeddable":true,"href":"https:\/\/www.aquila-austria.at\/index.php?rest_route=%2Fwp%2Fv2%2Ftags&post=654"}],"curies":[{"name":"wp","href":"https:\/\/api.w.org\/{rel}","templated":true}]}}