{"id":6064,"date":"2019-10-21T17:54:19","date_gmt":"2019-10-21T16:54:19","guid":{"rendered":"http:\/\/www.aquila-austria.at\/?p=6064"},"modified":"2019-10-31T09:34:07","modified_gmt":"2019-10-31T08:34:07","slug":"aquila-association-austria-rockt-den-croatia-coast-cup-2019","status":"publish","type":"post","link":"https:\/\/www.aquila-austria.at\/?p=6064","title":{"rendered":"TEAM AQUILA rockt den &#8222;Croatia Coast Cup 2019&#8220;"},"content":{"rendered":"\n<figure class=\"wp-block-embed-flickr wp-block-embed is-type-photo is-provider-flickr\"><div class=\"wp-block-embed__wrapper\">\n<a href=\"https:\/\/www.flickr.com\/photos\/aquila-austria\/48937221942\/in\/album-72157711437559202\/\"><img loading=\"lazy\" decoding=\"async\" src=\"https:\/\/live.staticflickr.com\/65535\/48937221942_a9ec2c7225_b.jpg\" alt=\"1\" width=\"1024\" height=\"684\" \/><\/a>\n<\/div><\/figure>\n\n\n\n<p>In Seeham wird  2018  der Beschluss gefasst an der  Adria Langstreckenregatta von Biograd nach Rab (sp\u00e4ter auf Rovinje ge\u00e4ndert) und retour in der Einheitsklasse Bavaria 41 S teilzunehmen.<\/p>\n\n\n\n<p>Prinzipiell wollten wir zu acht starten, Wilfried von der Segelcrew Hartberg musste aus beruflichen Gr\u00fcnden absagen, hat uns aber von \u00d6sterreich aus mit dem Routing unterst\u00fctzt. Somit waren wir noch sieben Segler vor Ort. Franz Fink als Coskipper, Alfred Lang als V1, Erich (Segelcrew Hartberg) als V2, Christian Kimmeswenger als Navigator und Trimmer, Raoul Otter unser Hauptsteuermann und Taktiker, Leo (Segelcrew) als Pit und mich als Skipper.<\/p>\n\n\n\n<p>Franz, Leo und Ich reisten schon am Donnerstag an um unsere Albatros regattatauglich zu machen. Erfreulicherweise war das Unterwasserschiff bereits sauber, da vorher die Staatsmeisterschaft ausgetragen wurde. Die Albatros erreichte dabei den zweiten Platz, somit ein gutes Omen f\u00fcr uns.<\/p>\n\n\n\n<p>Am Freitag erfolgte  unsere Probefahrt zu Dritt, leider st\u00fcrzte Leo beim Spibergen ungl\u00fccklich auf den linken Brustkorb, meine Erstdiagnose Rippenbr\u00fcche haben sich im Krankenhaus in Zadar leider best\u00e4tigt,  zum Gl\u00fcck kam es aber zu keinen weitern Verletzungen. Er blieb bis Montag station\u00e4r und wurde dann organisiert vom \u00d6AMTC nach Hause gebracht, es geht ihm schon wieder einigerma\u00dfen gut. Er denkt schon wieder an die n\u00e4chsten Regatten 2020.(Anmerkung: Leos  Geburtsjahr ist 1941)<\/p>\n\n\n\n<p>Am Samstag wird bei Leichtwind trainiert und die Taktik bei einem guten Abendessen festgelegt.<\/p>\n\n\n\n<p>Insgesamt sind 49 Boote gemeldet, in unserer internationalen Gruppe Bavaria 41S mit Spi zehn Schiffe, ein Platz im Mittelfeld war mein ehrgeiziges Ziel.<\/p>\n\n\n\n<p>Aber es wurde deutlich besser.<\/p>\n\n\n\n<p>Die erste kurze Wettfahrt vor Pakostani starten wir optimal, Raoul erkennt den Winddreher, die Spiman\u00f6ver klappen auch und wir werden 2. hinter den Ukrainern. Danach die Langfahrt, welche wegen Windmangel verk\u00fcrzt wurde, teilweise fuhren wir in der Nacht nur mit dem Strom ohne Wind. Wieder ein zweiter Platz.  Dieses Mal knapp hinter den Schweizern.<\/p>\n\n\n\n<figure class=\"wp-block-embed-flickr wp-block-embed is-type-photo is-provider-flickr\"><div class=\"wp-block-embed__wrapper\">\n<a href=\"https:\/\/www.flickr.com\/photos\/aquila-austria\/48937036216\/in\/album-72157711437559202\/\"><img loading=\"lazy\" decoding=\"async\" src=\"https:\/\/live.staticflickr.com\/65535\/48937036216_937b2ac369_b.jpg\" alt=\"6\" width=\"1024\" height=\"683\" \/><\/a>\n<\/div><\/figure>\n\n\n\n<p>Wir verbringen die Nacht in Rovinje am zweiten Zwischenplatz. Die dritte Wettfahrt vor Rovinje bei hoher Welle gewinnen wir souver\u00e4n,  somit sind wir pl\u00f6tzlich Erster in unserer Gruppe.<\/p>\n\n\n\n<p>Die 4. Lang-Wettfahrt wird wegen Windmangel wieder verk\u00fcrzt, nach zun\u00e4chst F\u00fchrung erreichen wir als Dritter das Ziel. Somit erreichen wir in unserer Gruppe den zweiten Platz als das beste \u00d6sterreichische Team hinter Team Schweiz und vor Ukraine und Deutschland.<\/p>\n\n\n\n<p>In der ORC Mono Hull Gesamtwertung erreichen wir den sehr guten zehnten Platz.<\/p>\n\n\n\n<p>Nach 2013 und 2016 war dies mein Dritter Coast Cup und auch der erfolgreichste.<br><\/p>\n\n\n\n<p>Ich bedanke mich bei meinem Team (alle acht), ihr seid alle seglerisch und menschlich ausgezeichnet. Es macht Spa\u00df mit Euch zu Segeln und Urlaub zu machen.<\/p>\n\n\n\n<figure class=\"wp-block-embed-flickr wp-block-embed is-type-photo is-provider-flickr\"><div class=\"wp-block-embed__wrapper\">\n<a href=\"https:\/\/www.flickr.com\/photos\/aquila-austria\/48990090857\/in\/album-72157711437559202\/\"><img loading=\"lazy\" decoding=\"async\" src=\"https:\/\/live.staticflickr.com\/65535\/48990090857_0e78f48427_b.jpg\" alt=\"2R-CCC2019\" width=\"1024\" height=\"683\" \/><\/a>\n<\/div><\/figure>\n\n\n\n<p>Ich freue mich schon auf die Offshore Regatta 2020 von Biograd nach Dubrovnik und retour. Franz hat bereits die Albatros gebucht.<br><\/p>\n\n\n\n<p>Vielleicht findet sich noch ein Team aus der Aquila Familie f\u00fcr diese Regatta.<\/p>\n\n\n\n<p><\/p>\n\n\n\n<p> Mit lieben Gru\u00df aus der Steiermark <\/p>\n\n\n\n<figure class=\"wp-block-image is-resized\"><img loading=\"lazy\" decoding=\"async\" src=\"http:\/\/www.aquila-austria.at\/wp-content\/uploads\/2019\/10\/grafik.png\" alt=\"\" class=\"wp-image-6072\" width=\"210\" height=\"185\" srcset=\"https:\/\/www.aquila-austria.at\/wp-content\/uploads\/2019\/10\/grafik.png 303w, https:\/\/www.aquila-austria.at\/wp-content\/uploads\/2019\/10\/grafik-300x264.png 300w\" sizes=\"auto, (max-width: 210px) 100vw, 210px\" \/><figcaption> <br>Skipper Hans Novak<br>AUT216 <\/figcaption><\/figure>\n\n\n<p>Weitere Links: <br><a href=\"http:\/\/www.aquila-austria.at\/wp-content\/uploads\/2019\/10\/B41S-Ergebniss.pdf\" target=\"_blank\" rel=\"noopener noreferrer\"><img loading=\"lazy\" decoding=\"async\" class=\"alignnone\" title=\"Ergebnissliste\" src=\"http:\/\/www.aquila-austria.at\/wp-content\/uploads\/2013\/10\/icon-ergebniss.jpg\" alt=\"\" width=\"30\" height=\"30\"><\/a> Ergebnis Einheitsklasse<\/p>\n<p><a href=\"http:\/\/www.aquila-austria.at\/wp-content\/uploads\/2019\/10\/1-Gesamtwertung-Monohull-\u00d6STM.pdf\" target=\"_blank\" rel=\"noopener noreferrer\"><img loading=\"lazy\" decoding=\"async\" class=\"alignnone\" title=\"Ergebnissliste\" src=\"http:\/\/www.aquila-austria.at\/wp-content\/uploads\/2013\/10\/icon-ergebniss.jpg\" alt=\"\" width=\"30\" height=\"30\"><\/a> Ergebnis Gesamt<\/p>\n<p><a href=\"https:\/\/www.flickr.com\/photos\/aquila-austria\/albums\/72157711437559202\/with\/48937221942\/\" target=\"_blank\" rel=\"noopener noreferrer\"><img loading=\"lazy\" decoding=\"async\" class=\"alignnone\" src=\"http:\/\/www.aquila-austria.at\/wp-content\/uploads\/2013\/10\/icon-flickr.jpg\" alt=\"\" width=\"30\" height=\"29\"><\/a> Bilder Gallerie<\/p>\n\n\n<p><br> <br> <\/p>\n","protected":false},"excerpt":{"rendered":"<p>In Seeham wird 2018 der Beschluss gefasst an der Adria Langstreckenregatta von Biograd nach Rab (sp\u00e4ter auf Rovinje ge\u00e4ndert) und retour in der Einheitsklasse Bavaria 41 S teilzunehmen. Prinzipiell wollten wir zu acht starten, Wilfried von der Segelcrew Hartberg musste aus beruflichen Gr\u00fcnden absagen, hat uns aber von \u00d6sterreich aus mit dem Routing unterst\u00fctzt. Somit [&hellip;]<\/p>\n","protected":false},"author":2081,"featured_media":6070,"comment_status":"open","ping_status":"closed","sticky":false,"template":"","format":"standard","meta":{"_bbp_topic_count":0,"_bbp_reply_count":0,"_bbp_total_topic_count":0,"_bbp_total_reply_count":0,"_bbp_voice_count":0,"_bbp_anonymous_reply_count":0,"_bbp_topic_count_hidden":0,"_bbp_reply_count_hidden":0,"_bbp_forum_subforum_count":0,"ngg_post_thumbnail":0,"footnotes":""},"categories":[11],"tags":[117],"class_list":{"0":"post-6064","1":"post","2":"type-post","3":"status-publish","4":"format-standard","5":"has-post-thumbnail","7":"category-regatta-berichte","8":"tag-offshore","9":"czr-hentry"},"views":5431,"_links":{"self":[{"href":"https:\/\/www.aquila-austria.at\/index.php?rest_route=\/wp\/v2\/posts\/6064","targetHints":{"allow":["GET"]}}],"collection":[{"href":"https:\/\/www.aquila-austria.at\/index.php?rest_route=\/wp\/v2\/posts"}],"about":[{"href":"https:\/\/www.aquila-austria.at\/index.php?rest_route=\/wp\/v2\/types\/post"}],"author":[{"embeddable":true,"href":"https:\/\/www.aquila-austria.at\/index.php?rest_route=\/wp\/v2\/users\/2081"}],"replies":[{"embeddable":true,"href":"https:\/\/www.aquila-austria.at\/index.php?rest_route=%2Fwp%2Fv2%2Fcomments&post=6064"}],"version-history":[{"count":26,"href":"https:\/\/www.aquila-austria.at\/index.php?rest_route=\/wp\/v2\/posts\/6064\/revisions"}],"predecessor-version":[{"id":6114,"href":"https:\/\/www.aquila-austria.at\/index.php?rest_route=\/wp\/v2\/posts\/6064\/revisions\/6114"}],"wp:featuredmedia":[{"embeddable":true,"href":"https:\/\/www.aquila-austria.at\/index.php?rest_route=\/wp\/v2\/media\/6070"}],"wp:attachment":[{"href":"https:\/\/www.aquila-austria.at\/index.php?rest_route=%2Fwp%2Fv2%2Fmedia&parent=6064"}],"wp:term":[{"taxonomy":"category","embeddable":true,"href":"https:\/\/www.aquila-austria.at\/index.php?rest_route=%2Fwp%2Fv2%2Fcategories&post=6064"},{"taxonomy":"post_tag","embeddable":true,"href":"https:\/\/www.aquila-austria.at\/index.php?rest_route=%2Fwp%2Fv2%2Ftags&post=6064"}],"curies":[{"name":"wp","href":"https:\/\/api.w.org\/{rel}","templated":true}]}}