{"id":5951,"date":"2019-09-10T08:09:10","date_gmt":"2019-09-10T07:09:10","guid":{"rendered":"http:\/\/www.aquila-austria.at\/?p=5951"},"modified":"2020-10-28T09:40:53","modified_gmt":"2020-10-28T08:40:53","slug":"5951","status":"publish","type":"post","link":"https:\/\/www.aquila-austria.at\/?p=5951","title":{"rendered":"Bei Rosenwind am Attersee"},"content":{"rendered":"\n<p>Der Wetterbericht versprach keine\nbesonders netten Wind-News. Zum Gl\u00fcck wissen Segler, dass die thermischen\nStr\u00f6mungen von keiner aktuellen WetterApp verl\u00e4sslich prognostiziert werden\nk\u00f6nnen. So fanden sich neun Melges24 und elf Aquilas im SCK zum gemeinsamen\nRingen bei uns im SCK am T\u00fcrkis-blauen Attersee ein.<\/p>\n\n\n\n<figure class=\"wp-block-image\"><img decoding=\"async\" src=\"http:\/\/sck.at\/wp-content\/uploads\/2019\/09\/DJI_0772a-1024x473.jpg\" alt=\"\" class=\"wp-image-17298\"\/><figcaption>Aquila Flotte an der SCK Mooring<\/figcaption><\/figure>\n\n\n\n<p>Der Samstag bot wunderbares\nSch\u00f6n-Wetter-Regattieren. L\u00e4ssiger Wind aus NO \u2013 allerdings f\u00fcr manche Teams\nnicht eindeutig, welche Seeseite bevorzugt sei.<\/p>\n\n\n\n<p>Die letzten Sommertage, durften wir\nso, bei herrlichen Bedingungen am Wasser verbringen. Der See zeigte sich den\nSeglern in seinem strahlendem T\u00fcrkisblau. Dieser Samstag ging nach vier \u2013 von Bernhard\nStrauch und seinem Team seht gut ausgelegten Bahnen \u2013 Wettfahrten zu ende. <\/p>\n\n\n\n<p>Nach dem Einlaufen in den SCK Hafen,\nkonnten sich die Sportler verdient mit Freibier k\u00fchlen, bis um 19.00 Uhr das\nSegleressen er\u00f6ffnet wurde.<\/p>\n\n\n\n<p>CARLO zauberte ein Barbecue Buffet,\ndas keine W\u00fcnsche offenlie\u00df. Ob Surf&amp;Turf oder Veggie, auf den Punkt\ngegrillt, je nach Wunsch. Ein Essen vom Feinsten.&nbsp; <\/p>\n\n\n\n<p>Geniale Idee, Team\n\u201eUnSinkBar\u201c !!! Wir Segler waren begeistert.<\/p>\n\n\n\n<p>Bei den Aquilas gab es einiges an Gespr\u00e4chsstoff. Die Ausgangslage am Ende des ersten Tages lie\u00df noch alle Spekulation zu. Eine f\u00fcnfte Runde am Sonntag, k\u00f6nnte die Ergebnisse noch kr\u00e4ftig durchmischen.<\/p>\n\n\n\n<p>Am Sonntag, Windrichtung aus\n\u201eS\u201c, mit der Prognose nach Westen zu drehen.<\/p>\n\n\n\n<p>Diese Situation machte die letzte\nWettfahrt spannend. Sowohl f\u00fcr die Aquilas als auch f\u00fcr die Melges24. <\/p>\n\n\n\n<p>Die erste Luv Tonnen Rundung, zeigte\nschon wer im Rennen vorne lag. Bei den Aquilas wurde hart um den O\u00d6\nLandesmeistertitel gek\u00e4mpft. Team Beidl Thomas vs. Team Kimmeswenger. <\/p>\n\n\n\n<figure class=\"wp-block-image\"><img decoding=\"async\" src=\"http:\/\/sck.at\/wp-content\/uploads\/2019\/09\/aquila-1024x550.jpg\" alt=\"\" class=\"wp-image-17290\"\/><figcaption> v.r.n.l: Otter, Kimmeswenger, Beidl <\/figcaption><\/figure>\n\n\n\n<p>An vorderster Stelle &#8211; wie gewohnt &#8211; Raoul &amp; Maria. Gefolgt von Team  Kimmeswenger, welche wiederum von Thomas Beidl verfolgt wurde. Ein  hei\u00dfes Rennen. Spannend bis zur Lee Tonne. Ein Fehler von Fancy Coconut  und Thomas Beidl konnte sich vor Fancy Coconut setzten. Ein beherztes  Aufholman\u00f6ver begann, um doch noch den Anw\u00e4rter auf den O\u00d6  Landesmeistertitel niederzuringen.<\/p>\n\n\n\n<p>Bei nachlassenden Winden Entscheid sich die Wettfahrtleitung nach der\n ersten Runde an der Luv Tonne den Zieleinlauf vorzunehmen. <\/p>\n\n\n\n<p>Bootl\u00e4ngen vor dem Ziel ein pl\u00f6tzlicher, und massiver Wind-Dreher \nnach West. Wer in Seemitte war, war quasi erledigt. Zwischen den \nWindsystemem gefangen \u2013 90\u00b0 drehend \u2013 0 Bft, es war zum Verzweifeln. \nAlle die sich in dieser Zone befanden, konnten dieser nur mehr schwer \nentrinnen.<\/p>\n\n\n\n<p>Jene Teams die sich zu diesem Zeitpunkt noch an der Lee Tonne  befanden, hatten nun die Gelegenheit aufzuholen. F\u00fcr jene in Seemitte  eine Trag\u00f6die. Zusehen zu m\u00fcssen wie Raoul in klarer F\u00fchrung liegend, so kurz vor der Ziellinie geschlagen  wurde. Martin und Christine konnten die Punkte gut gebrauchen.<\/p>\n\n\n\n<p>Ebenso erging es den Melges, wo die Platzierungen ebenfalls durchgew\u00fcrfelt wurden.<\/p>\n\n\n\n<p>Einige Teams erhielten so einen wirklich hohen \u201eStreicher\u201c, Andere konnten unverhofft Punkten. Ausgleichende Gerechtigkeit?<\/p>\n\n\n\n<p>Kurz nach Mittag waren die\nausgeschriebenen Wettfahrten alsbald absolviert.<\/p>\n\n\n\n<p>Einige Teams konnten sich nach hei\u00dfen  Wettfahrten noch im perfekt temperierten See abk\u00fchlen, bevor der Event mit der Siegerehrung und dem verstauen der  Boote zu Ende ging.<\/p>\n\n\n<p>&nbsp;<\/p>\n<p>Weitere Links: <a href=\"http:\/\/www.aquila-austria.at\/wp-content\/uploads\/2019\/09\/SCK-2019.pdf\" target=\"_blank\" rel=\"noopener noreferrer\"><img loading=\"lazy\" decoding=\"async\" class=\"alignnone\" title=\"Ergebnissliste\" src=\"http:\/\/www.aquila-austria.at\/wp-content\/uploads\/2013\/10\/icon-ergebniss.jpg\" alt=\"\" width=\"30\" height=\"30\"><\/a> <a href=\"https:\/\/www.flickr.com\/photos\/aquila-austria\/albums\/72157710799168912\" target=\"_blank\" rel=\"noopener noreferrer\"><img loading=\"lazy\" decoding=\"async\" class=\"alignnone\" title=\"Bilder Gallerie\" src=\"http:\/\/www.aquila-austria.at\/wp-content\/uploads\/2013\/10\/icon-flickr.jpg\" alt=\"\" width=\"30\" height=\"29\"><\/a><\/p>\n\n\n<div class=\"wp-block-image\"><figure class=\"alignleft\"><img loading=\"lazy\" decoding=\"async\" width=\"129\" height=\"148\" src=\"http:\/\/www.aquila-austria.at\/wp-content\/uploads\/2019\/09\/christian.jpg\" alt=\"\" class=\"wp-image-5962\"\/><figcaption>  Christian Kimmeswenger  AUT2002<br>&#8222;fancy coconut&#8220;<br><br><\/figcaption><\/figure><\/div>\n","protected":false},"excerpt":{"rendered":"<p>Der Wetterbericht versprach keine besonders netten Wind-News. Zum Gl\u00fcck wissen Segler, dass die thermischen Str\u00f6mungen von keiner aktuellen WetterApp verl\u00e4sslich prognostiziert werden k\u00f6nnen. So fanden sich neun Melges24 und elf Aquilas im SCK zum gemeinsamen Ringen bei uns im SCK am T\u00fcrkis-blauen Attersee ein. Der Samstag bot wunderbares Sch\u00f6n-Wetter-Regattieren. L\u00e4ssiger Wind aus NO \u2013 allerdings [&hellip;]<\/p>\n","protected":false},"author":10,"featured_media":4021,"comment_status":"open","ping_status":"closed","sticky":false,"template":"","format":"standard","meta":{"_bbp_topic_count":0,"_bbp_reply_count":0,"_bbp_total_topic_count":0,"_bbp_total_reply_count":0,"_bbp_voice_count":0,"_bbp_anonymous_reply_count":0,"_bbp_topic_count_hidden":0,"_bbp_reply_count_hidden":0,"_bbp_forum_subforum_count":0,"ngg_post_thumbnail":0,"footnotes":""},"categories":[1],"tags":[],"class_list":{"0":"post-5951","1":"post","2":"type-post","3":"status-publish","4":"format-standard","5":"has-post-thumbnail","7":"category-allgemein","8":"czr-hentry"},"views":2201,"_links":{"self":[{"href":"https:\/\/www.aquila-austria.at\/index.php?rest_route=\/wp\/v2\/posts\/5951","targetHints":{"allow":["GET"]}}],"collection":[{"href":"https:\/\/www.aquila-austria.at\/index.php?rest_route=\/wp\/v2\/posts"}],"about":[{"href":"https:\/\/www.aquila-austria.at\/index.php?rest_route=\/wp\/v2\/types\/post"}],"author":[{"embeddable":true,"href":"https:\/\/www.aquila-austria.at\/index.php?rest_route=\/wp\/v2\/users\/10"}],"replies":[{"embeddable":true,"href":"https:\/\/www.aquila-austria.at\/index.php?rest_route=%2Fwp%2Fv2%2Fcomments&post=5951"}],"version-history":[{"count":11,"href":"https:\/\/www.aquila-austria.at\/index.php?rest_route=\/wp\/v2\/posts\/5951\/revisions"}],"predecessor-version":[{"id":6723,"href":"https:\/\/www.aquila-austria.at\/index.php?rest_route=\/wp\/v2\/posts\/5951\/revisions\/6723"}],"wp:featuredmedia":[{"embeddable":true,"href":"https:\/\/www.aquila-austria.at\/index.php?rest_route=\/wp\/v2\/media\/4021"}],"wp:attachment":[{"href":"https:\/\/www.aquila-austria.at\/index.php?rest_route=%2Fwp%2Fv2%2Fmedia&parent=5951"}],"wp:term":[{"taxonomy":"category","embeddable":true,"href":"https:\/\/www.aquila-austria.at\/index.php?rest_route=%2Fwp%2Fv2%2Fcategories&post=5951"},{"taxonomy":"post_tag","embeddable":true,"href":"https:\/\/www.aquila-austria.at\/index.php?rest_route=%2Fwp%2Fv2%2Ftags&post=5951"}],"curies":[{"name":"wp","href":"https:\/\/api.w.org\/{rel}","templated":true}]}}