{"id":5472,"date":"2019-02-25T09:44:08","date_gmt":"2019-02-25T08:44:08","guid":{"rendered":"http:\/\/www.aquila-austria.at\/?p=5472"},"modified":"2019-03-01T15:21:37","modified_gmt":"2019-03-01T14:21:37","slug":"boot-tulln-2019","status":"publish","type":"post","link":"https:\/\/www.aquila-austria.at\/?p=5472","title":{"rendered":"Boot Tulln 2019"},"content":{"rendered":"<h3><b>Die Klassenvereinigung freut sich euch auf der Boot Tulln 2019 begr\u00fc\u00dfen zu d\u00fcrfen!<img loading=\"lazy\" decoding=\"async\" class=\"aligncenter wp-image-5070 size-full\" src=\"http:\/\/www.aquila-austria.at\/wp-content\/uploads\/2018\/02\/Aquila-Messe-Logo.jpg\" alt=\"\" width=\"1170\" height=\"299\" srcset=\"https:\/\/www.aquila-austria.at\/wp-content\/uploads\/2018\/02\/Aquila-Messe-Logo.jpg 1170w, https:\/\/www.aquila-austria.at\/wp-content\/uploads\/2018\/02\/Aquila-Messe-Logo-300x77.jpg 300w, https:\/\/www.aquila-austria.at\/wp-content\/uploads\/2018\/02\/Aquila-Messe-Logo-768x196.jpg 768w, https:\/\/www.aquila-austria.at\/wp-content\/uploads\/2018\/02\/Aquila-Messe-Logo-1024x262.jpg 1024w\" sizes=\"auto, (max-width: 1170px) 100vw, 1170px\" \/><br \/>\n<\/b><\/h3>\n<h3 class=\"w3-large\">Gemeinsam mit <a href=\"http:\/\/www.redsailing.at\/boot2019.html\">redSAILING<\/a>&nbsp;findet ihr uns auch <a href=\"https:\/\/www.messe-tulln.at\/messe_kalender\/austrian_boat_show_boot_tulln\/fuer_besucher\/?gclid=EAIaIQobChMI7by-qrrW4AIVxKgYCh2zuQ7NEAAYASAAEgJwEPD_BwE\" target=\"_blank\" rel=\"noopener\"><img loading=\"lazy\" decoding=\"async\" class=\"alignright wp-image-5476 size-full\" src=\"http:\/\/www.aquila-austria.at\/wp-content\/uploads\/2019\/02\/BootTulln2019.jpg\" alt=\"\" width=\"484\" height=\"242\" srcset=\"https:\/\/www.aquila-austria.at\/wp-content\/uploads\/2019\/02\/BootTulln2019.jpg 484w, https:\/\/www.aquila-austria.at\/wp-content\/uploads\/2019\/02\/BootTulln2019-300x150.jpg 300w\" sizes=\"auto, (max-width: 484px) 100vw, 484px\" \/><\/a><br \/>\ndieses Jahr wieder in <b>Halle 10, Stand 1025<\/b><\/h3>\n<ul class=\"w3-ul w3-large\">\n<li>Aquila Competition AUT 2001 zum Anschauen und Anfassen<\/li>\n<li>Informationen zu allen drei Versionen der Aquila 2017<\/li>\n<li>kompetente Beratung zu Ersatzteilen und Aufr\u00fcstm\u00f6glichkeiten<\/li>\n<li>Segel von Raudaschl, Aquila Zeltpersenning von Seidl<\/li>\n<li>g\u00e4ngige Ersatzteile , Aufr\u00fcsts\u00e4tze und Leinen auch in geringen St\u00fcckzahlen vor Ort<\/li>\n<\/ul>\n<p>Wir freuen uns auch heuer wieder einen Erm\u00e4ssigungs -Bon anbieten zu k\u00f6nnen: <a  data-e-Disable-Page-Transition=\"true\" class=\"download-link\" title=\"Version\u00a02019\" href=\"https:\/\/www.aquila-austria.at?download=5470&amp;tmstv=1777578623\" rel=\"nofollow\" id=\"download-link-5470\" data-redirect=\"false\" >\n\tErm\u00e4\u00dfigungsbon von RedSailing.at\t(1132 Downloads\t)\n<\/a>\n<\/p>\n<p>Aquila Social Event: Komm zur <b>Standparty am Freitag, 8. M\u00e4rz 2019, 18:00 Uhr!<\/b> &#8211; <a href=\"mailto:sales@redsailing.at?subject=Anmeldung%20zur%20Standparty&amp;body=Ja, ich komme zur Standparty!%0d%0aAnzahl%20Personen:%20\">Anmeldung zur Standparty<\/a><b><br \/>\n<\/b><\/p>\n<p>&nbsp;<\/p>\n<p>Wir freuen uns schon sehr, Dich wieder zu sehen!<\/p>\n<p><img loading=\"lazy\" decoding=\"async\" class=\"size-medium wp-image-4416 alignnone\" src=\"http:\/\/www.aquila-austria.at\/wp-content\/uploads\/2017\/03\/DSC_2995_1170x300-300x77.jpg\" alt=\"\" width=\"300\" height=\"77\" srcset=\"https:\/\/www.aquila-austria.at\/wp-content\/uploads\/2017\/03\/DSC_2995_1170x300-300x77.jpg 300w, https:\/\/www.aquila-austria.at\/wp-content\/uploads\/2017\/03\/DSC_2995_1170x300-768x197.jpg 768w, https:\/\/www.aquila-austria.at\/wp-content\/uploads\/2017\/03\/DSC_2995_1170x300-1024x263.jpg 1024w, https:\/\/www.aquila-austria.at\/wp-content\/uploads\/2017\/03\/DSC_2995_1170x300.jpg 1170w\" sizes=\"auto, (max-width: 300px) 100vw, 300px\" \/><\/p>\n<p>&nbsp;<\/p>\n","protected":false},"excerpt":{"rendered":"<p>Die Klassenvereinigung freut sich euch auf der Boot Tulln 2019 begr\u00fc\u00dfen zu d\u00fcrfen! Gemeinsam mit redSAILING&nbsp;findet ihr uns auch dieses Jahr wieder in Halle 10, Stand 1025 Aquila Competition AUT 2001 zum Anschauen und Anfassen Informationen zu allen drei Versionen der Aquila 2017 kompetente Beratung zu Ersatzteilen und Aufr\u00fcstm\u00f6glichkeiten Segel von Raudaschl, Aquila Zeltpersenning von [&hellip;]<\/p>\n","protected":false},"author":2081,"featured_media":5088,"comment_status":"open","ping_status":"closed","sticky":false,"template":"","format":"standard","meta":{"_bbp_topic_count":0,"_bbp_reply_count":0,"_bbp_total_topic_count":0,"_bbp_total_reply_count":0,"_bbp_voice_count":0,"_bbp_anonymous_reply_count":0,"_bbp_topic_count_hidden":0,"_bbp_reply_count_hidden":0,"_bbp_forum_subforum_count":0,"ngg_post_thumbnail":0,"footnotes":""},"categories":[1],"tags":[],"class_list":{"0":"post-5472","1":"post","2":"type-post","3":"status-publish","4":"format-standard","5":"has-post-thumbnail","7":"category-allgemein","8":"czr-hentry"},"views":2490,"_links":{"self":[{"href":"https:\/\/www.aquila-austria.at\/index.php?rest_route=\/wp\/v2\/posts\/5472","targetHints":{"allow":["GET"]}}],"collection":[{"href":"https:\/\/www.aquila-austria.at\/index.php?rest_route=\/wp\/v2\/posts"}],"about":[{"href":"https:\/\/www.aquila-austria.at\/index.php?rest_route=\/wp\/v2\/types\/post"}],"author":[{"embeddable":true,"href":"https:\/\/www.aquila-austria.at\/index.php?rest_route=\/wp\/v2\/users\/2081"}],"replies":[{"embeddable":true,"href":"https:\/\/www.aquila-austria.at\/index.php?rest_route=%2Fwp%2Fv2%2Fcomments&post=5472"}],"version-history":[{"count":23,"href":"https:\/\/www.aquila-austria.at\/index.php?rest_route=\/wp\/v2\/posts\/5472\/revisions"}],"predecessor-version":[{"id":5513,"href":"https:\/\/www.aquila-austria.at\/index.php?rest_route=\/wp\/v2\/posts\/5472\/revisions\/5513"}],"wp:featuredmedia":[{"embeddable":true,"href":"https:\/\/www.aquila-austria.at\/index.php?rest_route=\/wp\/v2\/media\/5088"}],"wp:attachment":[{"href":"https:\/\/www.aquila-austria.at\/index.php?rest_route=%2Fwp%2Fv2%2Fmedia&parent=5472"}],"wp:term":[{"taxonomy":"category","embeddable":true,"href":"https:\/\/www.aquila-austria.at\/index.php?rest_route=%2Fwp%2Fv2%2Fcategories&post=5472"},{"taxonomy":"post_tag","embeddable":true,"href":"https:\/\/www.aquila-austria.at\/index.php?rest_route=%2Fwp%2Fv2%2Ftags&post=5472"}],"curies":[{"name":"wp","href":"https:\/\/api.w.org\/{rel}","templated":true}]}}