{"id":4770,"date":"2017-07-14T17:58:38","date_gmt":"2017-07-14T16:58:38","guid":{"rendered":"http:\/\/www.aquila-austria.at\/?p=4770"},"modified":"2017-07-14T22:16:12","modified_gmt":"2017-07-14T21:16:12","slug":"herbert-wiesholzer-wird-zum-kommodore-ernannt","status":"publish","type":"post","link":"https:\/\/www.aquila-austria.at\/?p=4770","title":{"rendered":"Ehrung f\u00fcr Herbert Wiesholzer"},"content":{"rendered":"<h3>Auf Beschluss unserer Klassenvereinigung wurde Herbert Wiesholzer zum &#8222;Kommodore &#8220; ernannt<\/h3>\n<p>Aufgrund der r\u00e4umlichen (und pers\u00f6nlichen) N\u00e4he zu ihm, war es mir und Berndi eine besondere Freude diese Urkunde im Namen des amtierenden Klassensekret\u00e4r\u00b4s zu \u00fcberreichen. Die entsprechende &#8222;Kommodore-Jacke&#8220; wurde ja schon auf dem Postweg zugesandt. Berndi und ich k\u00f6nnen versichern, dass wir selten einen Menschen gesehen haben, den die Freude so \u00fcbermannt hat. Herbert Wiesholzer l\u00e4sst sich bei allen, die bei dieser Aktion mit gewirkt haben auf das aller herzlichste bedanken.<\/p>\n<p>Diese au\u00dfergew\u00f6hnliche Ehrung wurde ja Herbert vor allem deshalb zuteil, weil die Klassenvereinigung ohne die \u00dcbernahme durch ihn h\u00f6chstwahrscheinlich heute nicht mehr existieren w\u00fcrde. OSR Kurt Wicht war es, vor allem aus Altersgr\u00fcnden, nicht mehr m\u00f6glich die Vereinigung weiterzuf\u00fchren. Dazu im Anhang die Antrittszeilen in der ersten Aussendung .<\/p>\n<div class=\"flickr-justified-gallery-error\"><span style=\"color:red\">Flickr API error: <\/span><span class=\"flickr-justified-gallery-error-msg\">Invalid API Key (Key has invalid format)<\/span><\/div>\n<p>Herbert war sodann 9 Jahre (1985 bis 1994) ein \u00e4u\u00dferst erfolgreicher und aktiver Klassensekret\u00e4r. Und das zu Wasser und zu Land. Er brachte ungeheuren Schwung in die Vereinigung, alleine im Raum St.P\u00f6lten waren 12 Regatta segelnde Aquila\u00b4s am Werke. Er selbst war mit seiner OE 191 damals eine Macht, welche durch seine beiden S\u00f6hne (Martin und Herbert) noch weiter ausgebaut wurde.<br \/>\nAm &#8222;Land&#8220; war er ein unheimlich kreativer Sekret\u00e4r, der viele Stunden f\u00fcr die Vereinigung opferte, vor allem, wenn man bedenkt, dass es ja anfangs weder Handy, Computer und E-Mails gab.&nbsp; Alles war sehr m\u00fchsam gegen\u00fcber heute. Allerdings bescherte uns dieser Umstand auch immer wieder die tollen Handzeichnungen von ihm, die uns Leser immer wieder zum Lachen brachten (siehe Beilagen).<br \/>\nEs ist hier aus Platzgr\u00fcnden nicht m\u00f6glich alle Highlights aufzuz\u00e4hlen, aber einige m\u00f6chte ich schon besonders herausstreichen:<\/p>\n<h3>Juli 1987<\/h3>\n<p>Traunkirchner Segeltage, 19 Schiffe, Sieger Wiesholzer Herbert jun. und Martin Wiesholzer. Dazu das Gruppenbild (vor allem aus Nostalgiegr\u00fcnden)<\/p>\n<p><a href=\"http:\/\/www.aquila-austria.at\/wp-content\/uploads\/2017\/07\/IMG_2950.jpg\" target=\"_blank\" rel=\"noopener\"><img loading=\"lazy\" decoding=\"async\" class=\"alignnone wp-image-4779 size-large\" src=\"http:\/\/www.aquila-austria.at\/wp-content\/uploads\/2017\/07\/IMG_2950-1024x708.jpg\" alt=\"\" width=\"1024\" height=\"708\" srcset=\"https:\/\/www.aquila-austria.at\/wp-content\/uploads\/2017\/07\/IMG_2950-1024x708.jpg 1024w, https:\/\/www.aquila-austria.at\/wp-content\/uploads\/2017\/07\/IMG_2950-300x207.jpg 300w, https:\/\/www.aquila-austria.at\/wp-content\/uploads\/2017\/07\/IMG_2950-768x531.jpg 768w\" sizes=\"auto, (max-width: 1024px) 100vw, 1024px\" \/><\/a><\/p>\n<h3>&nbsp;Mai 1988<\/h3>\n<p>&#8222;Waterloo am Attersee&#8220;, 21 Schiffe, bis 6 Bft, jede Menge Kenterungen, dazu die tolle Zeichnung<\/p>\n<p><a href=\"http:\/\/www.aquila-austria.at\/wp-content\/uploads\/2017\/07\/IMG_0014.jpg\" target=\"_blank\" rel=\"noopener\"><img loading=\"lazy\" decoding=\"async\" class=\"alignnone wp-image-4786\" src=\"http:\/\/www.aquila-austria.at\/wp-content\/uploads\/2017\/07\/IMG_0014-223x300.jpg\" alt=\"\" width=\"1024\" height=\"1379\" srcset=\"https:\/\/www.aquila-austria.at\/wp-content\/uploads\/2017\/07\/IMG_0014-223x300.jpg 223w, https:\/\/www.aquila-austria.at\/wp-content\/uploads\/2017\/07\/IMG_0014-300x404.jpg 300w, https:\/\/www.aquila-austria.at\/wp-content\/uploads\/2017\/07\/IMG_0014-768x1035.jpg 768w, https:\/\/www.aquila-austria.at\/wp-content\/uploads\/2017\/07\/IMG_0014-760x1024.jpg 760w\" sizes=\"auto, (max-width: 1024px) 100vw, 1024px\" \/><\/a><\/p>\n<h3>Mai 1989<\/h3>\n<p>SP Seeham, 21 Schiffe, gut 6 Bft, 6 Kenterungen, 2 Mastbr\u00fcche, Wettfahrt abgebrochen. Und wieder die Zeichnung zur Veranschaulichung (\u00dcbrigends, Wallisch Leonardelli konnten damals durchgekentert ohne fremde Hilfe in 10 Minuten alleine aufstellen!!!)<\/p>\n<p><a href=\"http:\/\/www.aquila-austria.at\/wp-content\/uploads\/2017\/07\/IMG_2960.jpg\" target=\"_blank\" rel=\"noopener\"><img loading=\"lazy\" decoding=\"async\" class=\"alignnone wp-image-4787 size-large\" src=\"http:\/\/www.aquila-austria.at\/wp-content\/uploads\/2017\/07\/IMG_2960-1024x564.jpg\" alt=\"\" width=\"1024\" height=\"564\" srcset=\"https:\/\/www.aquila-austria.at\/wp-content\/uploads\/2017\/07\/IMG_2960-1024x564.jpg 1024w, https:\/\/www.aquila-austria.at\/wp-content\/uploads\/2017\/07\/IMG_2960-300x165.jpg 300w, https:\/\/www.aquila-austria.at\/wp-content\/uploads\/2017\/07\/IMG_2960-768x423.jpg 768w, https:\/\/www.aquila-austria.at\/wp-content\/uploads\/2017\/07\/IMG_2960-128x72.jpg 128w\" sizes=\"auto, (max-width: 1024px) 100vw, 1024px\" \/><\/a><\/p>\n<h3>Oktober 1993<\/h3>\n<p>Herbert holt Raudaschl an die Donau, 17 Schiffe, Ostwind mit bis zu 60 km\/h&#8230;..<\/p>\n<p><a href=\"http:\/\/www.aquila-austria.at\/wp-content\/uploads\/2017\/07\/IMG_2959.jpg\" target=\"_blank\" rel=\"noopener\"><img loading=\"lazy\" decoding=\"async\" class=\"wp-image-4776 size-large alignnone\" src=\"http:\/\/www.aquila-austria.at\/wp-content\/uploads\/2017\/07\/IMG_2959-1024x768.jpg\" alt=\"\" width=\"1024\" height=\"768\" srcset=\"https:\/\/www.aquila-austria.at\/wp-content\/uploads\/2017\/07\/IMG_2959-1024x768.jpg 1024w, https:\/\/www.aquila-austria.at\/wp-content\/uploads\/2017\/07\/IMG_2959-300x225.jpg 300w, https:\/\/www.aquila-austria.at\/wp-content\/uploads\/2017\/07\/IMG_2959-768x576.jpg 768w\" sizes=\"auto, (max-width: 1024px) 100vw, 1024px\" \/><\/a><\/p>\n<p>&#8230;, Raudaschl gewann nat\u00fcrlich (mit Raoul Otter an der Vorschot!!!)<\/p>\n<p><a href=\"http:\/\/www.aquila-austria.at\/wp-content\/uploads\/2017\/07\/IMG_0010.jpg\" target=\"_blank\" rel=\"noopener\"><img loading=\"lazy\" decoding=\"async\" class=\"alignnone wp-image-4785 size-large\" src=\"http:\/\/www.aquila-austria.at\/wp-content\/uploads\/2017\/07\/IMG_0010-1024x768.jpg\" alt=\"\" width=\"1024\" height=\"768\" srcset=\"https:\/\/www.aquila-austria.at\/wp-content\/uploads\/2017\/07\/IMG_0010-1024x768.jpg 1024w, https:\/\/www.aquila-austria.at\/wp-content\/uploads\/2017\/07\/IMG_0010-300x225.jpg 300w, https:\/\/www.aquila-austria.at\/wp-content\/uploads\/2017\/07\/IMG_0010-768x576.jpg 768w\" sizes=\"auto, (max-width: 1024px) 100vw, 1024px\" \/><\/a><\/p>\n<p>Nicht unerw\u00e4hnt sollte bleiben, dass es immer wieder Video-unterst\u00fctzte Trainings gab, von seinem selbst komponierten und gesungenen Aquila-Lied ganz zu schweigen.<\/p>\n<p>Das war nur ein kleiner Abriss, die Bilder sind z.T. nicht von bester Qualit\u00e4t, aber zur Untermalung kann man sie, glaube ich, durchgehen lassen. Nach den erw\u00e4hnten 9 Jahren \u00e4u\u00dferst erfolgreicher T\u00e4tigkeit, konnte Herbert unseren heutigen Klassensekret\u00e4r, Raoul Otter, (mit sanfter Gewalt) zur \u00dcbernahme \u00fcberreden, er hat ja schon vorher als Schriftf\u00fchrer hinein geschnuppert. Hoffentlich hat er es nie allzu sehr bereut.<\/p>\n<p>Wir alle sind froh, dass wir ihn heute noch haben!!!<br \/>\nDazu im Anhang die Antritts- und Abschieds-Schreiben von Herbert.<\/p>\n<p>In der Hoffnung, dass diese Zeilen die geb\u00fchrende W\u00fcrdigung ausdr\u00fccken,<br \/>\nverbleibe ich mit Mast und Schotbruch<\/p>\n<p><img loading=\"lazy\" decoding=\"async\" class=\"alignnone wp-image-2596 size-medium\" src=\"http:\/\/www.aquila-austria.at\/wp-content\/uploads\/2014\/10\/fritz-e1430296739711-205x300.jpg\" alt=\"\" width=\"205\" height=\"300\">&nbsp;&nbsp;&nbsp;&nbsp;<\/p>\n<p>Fritz (AUT 29)<\/p>\n<p>&nbsp;<\/p>\n","protected":false},"excerpt":{"rendered":"<p>Auf Beschluss unserer Klassenvereinigung wurde Herbert Wiesholzer zum &#8222;Kommodore &#8220; ernannt Aufgrund der r\u00e4umlichen (und pers\u00f6nlichen) N\u00e4he zu ihm, war es mir und Berndi eine besondere Freude diese Urkunde im Namen des amtierenden Klassensekret\u00e4r\u00b4s zu \u00fcberreichen. Die entsprechende &#8222;Kommodore-Jacke&#8220; wurde ja schon auf dem Postweg zugesandt. Berndi und ich k\u00f6nnen versichern, dass wir selten einen [&hellip;]<\/p>\n","protected":false},"author":2081,"featured_media":4796,"comment_status":"open","ping_status":"closed","sticky":false,"template":"","format":"standard","meta":{"_bbp_topic_count":0,"_bbp_reply_count":0,"_bbp_total_topic_count":0,"_bbp_total_reply_count":0,"_bbp_voice_count":0,"_bbp_anonymous_reply_count":0,"_bbp_topic_count_hidden":0,"_bbp_reply_count_hidden":0,"_bbp_forum_subforum_count":0,"ngg_post_thumbnail":0,"footnotes":""},"categories":[1],"tags":[],"class_list":{"0":"post-4770","1":"post","2":"type-post","3":"status-publish","4":"format-standard","5":"has-post-thumbnail","7":"category-allgemein","8":"czr-hentry"},"views":4089,"_links":{"self":[{"href":"https:\/\/www.aquila-austria.at\/index.php?rest_route=\/wp\/v2\/posts\/4770","targetHints":{"allow":["GET"]}}],"collection":[{"href":"https:\/\/www.aquila-austria.at\/index.php?rest_route=\/wp\/v2\/posts"}],"about":[{"href":"https:\/\/www.aquila-austria.at\/index.php?rest_route=\/wp\/v2\/types\/post"}],"author":[{"embeddable":true,"href":"https:\/\/www.aquila-austria.at\/index.php?rest_route=\/wp\/v2\/users\/2081"}],"replies":[{"embeddable":true,"href":"https:\/\/www.aquila-austria.at\/index.php?rest_route=%2Fwp%2Fv2%2Fcomments&post=4770"}],"version-history":[{"count":10,"href":"https:\/\/www.aquila-austria.at\/index.php?rest_route=\/wp\/v2\/posts\/4770\/revisions"}],"predecessor-version":[{"id":4797,"href":"https:\/\/www.aquila-austria.at\/index.php?rest_route=\/wp\/v2\/posts\/4770\/revisions\/4797"}],"wp:featuredmedia":[{"embeddable":true,"href":"https:\/\/www.aquila-austria.at\/index.php?rest_route=\/wp\/v2\/media\/4796"}],"wp:attachment":[{"href":"https:\/\/www.aquila-austria.at\/index.php?rest_route=%2Fwp%2Fv2%2Fmedia&parent=4770"}],"wp:term":[{"taxonomy":"category","embeddable":true,"href":"https:\/\/www.aquila-austria.at\/index.php?rest_route=%2Fwp%2Fv2%2Fcategories&post=4770"},{"taxonomy":"post_tag","embeddable":true,"href":"https:\/\/www.aquila-austria.at\/index.php?rest_route=%2Fwp%2Fv2%2Ftags&post=4770"}],"curies":[{"name":"wp","href":"https:\/\/api.w.org\/{rel}","templated":true}]}}