{"id":469,"date":"2013-04-01T20:54:25","date_gmt":"2013-04-01T19:54:25","guid":{"rendered":"http:\/\/www.aquila-austria.at\/?p=469"},"modified":"2014-05-14T11:02:19","modified_gmt":"2014-05-14T10:02:19","slug":"unser-saisonstart-traunseewoche-2013-bitte-rechtzeitig-anmelden","status":"publish","type":"post","link":"https:\/\/www.aquila-austria.at\/?p=469","title":{"rendered":"Unser Saisonstart: Traunseewoche 2013 &#8211; Bitte rechtzeitig anmelden!"},"content":{"rendered":"<p>Liebe Aquila Segler,<\/p>\n<p>obwohl auch in diesen Tagen das Wetter noch gar nicht danach ist, r\u00fcckt unser Saisonstart mit gro\u00dfen Schritten n\u00e4her!<br \/>\nUnter <a href=\"http:\/\/www.traunseewoche.at\/\">http:\/\/www.traunseewoche.at\/<\/a>\u00a0findet ihr unter anderem die Ausschreibung f\u00fcr die Aquila, unsere Regatta startet am Samstag, dem 11.05.2013, um 07:15 Uhr. Unser Rahmenprogramm\u00a0beginnt aber schon mit der Seglergala am 10.05.2013 abends, deshalb bitte schon am Freitag nachmittag anreisen!<\/p>\n<p>Bis zum 10.04.2013 gibt es noch den Fr\u00fchmeldebonus, weshalb ich\u00a0 alle interessierten SeglerInnen bitte, sich via <a href=\"http:\/\/www.traunseewoche.at\/\">http:\/\/www.traunseewoche.at\/<\/a>\u00a0in den n\u00e4chsten Tagen zu registrieren.<\/p>\n<p>Auf ein Wiedersehen am Traunsee freut<\/p>\n<p>Raoul Otter<\/p>\n","protected":false},"excerpt":{"rendered":"<p>Liebe Aquila Segler, obwohl auch in diesen Tagen das Wetter noch gar nicht danach ist, r\u00fcckt unser Saisonstart mit gro\u00dfen Schritten n\u00e4her! Unter http:\/\/www.traunseewoche.at\/\u00a0findet ihr unter anderem die Ausschreibung f\u00fcr die Aquila, unsere Regatta startet am Samstag, dem 11.05.2013, um 07:15 Uhr. Unser Rahmenprogramm\u00a0beginnt aber schon mit der Seglergala am 10.05.2013 abends, deshalb bitte schon [&hellip;]<\/p>\n","protected":false},"author":2,"featured_media":0,"comment_status":"open","ping_status":"closed","sticky":false,"template":"","format":"standard","meta":{"_bbp_topic_count":0,"_bbp_reply_count":0,"_bbp_total_topic_count":0,"_bbp_total_reply_count":0,"_bbp_voice_count":0,"_bbp_anonymous_reply_count":0,"_bbp_topic_count_hidden":0,"_bbp_reply_count_hidden":0,"_bbp_forum_subforum_count":0,"ngg_post_thumbnail":0,"footnotes":""},"categories":[1],"tags":[52],"class_list":{"0":"post-469","1":"post","2":"type-post","3":"status-publish","4":"format-standard","6":"category-allgemein","7":"tag-traunsee","8":"czr-hentry"},"views":2615,"_links":{"self":[{"href":"https:\/\/www.aquila-austria.at\/index.php?rest_route=\/wp\/v2\/posts\/469","targetHints":{"allow":["GET"]}}],"collection":[{"href":"https:\/\/www.aquila-austria.at\/index.php?rest_route=\/wp\/v2\/posts"}],"about":[{"href":"https:\/\/www.aquila-austria.at\/index.php?rest_route=\/wp\/v2\/types\/post"}],"author":[{"embeddable":true,"href":"https:\/\/www.aquila-austria.at\/index.php?rest_route=\/wp\/v2\/users\/2"}],"replies":[{"embeddable":true,"href":"https:\/\/www.aquila-austria.at\/index.php?rest_route=%2Fwp%2Fv2%2Fcomments&post=469"}],"version-history":[{"count":1,"href":"https:\/\/www.aquila-austria.at\/index.php?rest_route=\/wp\/v2\/posts\/469\/revisions"}],"predecessor-version":[{"id":470,"href":"https:\/\/www.aquila-austria.at\/index.php?rest_route=\/wp\/v2\/posts\/469\/revisions\/470"}],"wp:attachment":[{"href":"https:\/\/www.aquila-austria.at\/index.php?rest_route=%2Fwp%2Fv2%2Fmedia&parent=469"}],"wp:term":[{"taxonomy":"category","embeddable":true,"href":"https:\/\/www.aquila-austria.at\/index.php?rest_route=%2Fwp%2Fv2%2Fcategories&post=469"},{"taxonomy":"post_tag","embeddable":true,"href":"https:\/\/www.aquila-austria.at\/index.php?rest_route=%2Fwp%2Fv2%2Ftags&post=469"}],"curies":[{"name":"wp","href":"https:\/\/api.w.org\/{rel}","templated":true}]}}