{"id":4399,"date":"2017-03-06T13:35:29","date_gmt":"2017-03-06T12:35:29","guid":{"rendered":"http:\/\/www.aquila-austria.at\/?p=4399"},"modified":"2017-03-06T13:42:29","modified_gmt":"2017-03-06T12:42:29","slug":"2hard-vortrag-offshore-races","status":"publish","type":"post","link":"https:\/\/www.aquila-austria.at\/?p=4399","title":{"rendered":"2hard &#8211; Vortrag Offshore Races"},"content":{"rendered":"<header class=\"entry-header\">\n<p class=\"page-header page-title entry-title\">Harald Wolf und Martin Hartl &#8211; zwei ehemalige, sehr engagierte Aquila Segler laden ein:<\/p>\n<h3 class=\"page-header page-title entry-title\"><strong><a title=\"Permanentlink zu 2hard Vortrag beim Segelclub Schwarzindien Mondsee\" href=\"http:\/\/sck.at\/?p=11586\" rel=\"bookmark\">2hard Vortrag beim Segelclub Schwarzindien Mondsee<\/a><\/strong><\/h3>\n<p>am Sonntag, 12. M\u00e4rz 2017 um 19:00<br \/>\nMondseestra\u00dfe 49, 5310 Gaisberg<\/p>\n<p>2hard berichtet \u00fcber das Fastnet 2015, das Middle Sea Race 2016 und die Vorbereitungen f\u00fcr 2017. Harald Wolf und Martin Hartl werden auch \u00fcber ihre Zukunftspl\u00e4ne und aktuelle Entwicklungen im Offshore-Bereich sprechen.<\/p>\n<p>Der Eintritt ist frei.<\/p>\n<p>G\u00e4ste sind herzlich willkommen am Vortrag teilzunehmen! Der SCS Mondsee freut sich auf euer Kommen und ersucht um Anmeldung unter<\/p>\n<p><a href=\"mailto:fabian.lassnig@me.com\">fabian.lassnig@me.com<\/a> oder <a href=\"mailto:viktor.lassnig@scs-mondsee.at\">viktor.lassnig@scs-mondsee.at<\/a>.<\/p>\n<p><iframe loading=\"lazy\" width=\"854\" height=\"480\" src=\"https:\/\/www.youtube.com\/embed\/TGw2lT1xbzQ\" frameborder=\"0\" allowfullscreen><\/iframe><\/p>\n<\/header>\n","protected":false},"excerpt":{"rendered":"<p>Harald Wolf und Martin Hartl &#8211; zwei ehemalige, sehr engagierte Aquila Segler laden ein: 2hard Vortrag beim Segelclub Schwarzindien Mondsee am Sonntag, 12. M\u00e4rz 2017 um 19:00 Mondseestra\u00dfe 49, 5310 Gaisberg 2hard berichtet \u00fcber das Fastnet 2015, das Middle Sea Race 2016 und die Vorbereitungen f\u00fcr 2017. Harald Wolf und Martin Hartl werden auch \u00fcber [&hellip;]<\/p>\n","protected":false},"author":2081,"featured_media":4402,"comment_status":"open","ping_status":"closed","sticky":false,"template":"","format":"standard","meta":{"_bbp_topic_count":0,"_bbp_reply_count":0,"_bbp_total_topic_count":0,"_bbp_total_reply_count":0,"_bbp_voice_count":0,"_bbp_anonymous_reply_count":0,"_bbp_topic_count_hidden":0,"_bbp_reply_count_hidden":0,"_bbp_forum_subforum_count":0,"ngg_post_thumbnail":0,"footnotes":""},"categories":[1],"tags":[],"class_list":{"0":"post-4399","1":"post","2":"type-post","3":"status-publish","4":"format-standard","5":"has-post-thumbnail","7":"category-allgemein","8":"czr-hentry"},"views":1968,"_links":{"self":[{"href":"https:\/\/www.aquila-austria.at\/index.php?rest_route=\/wp\/v2\/posts\/4399","targetHints":{"allow":["GET"]}}],"collection":[{"href":"https:\/\/www.aquila-austria.at\/index.php?rest_route=\/wp\/v2\/posts"}],"about":[{"href":"https:\/\/www.aquila-austria.at\/index.php?rest_route=\/wp\/v2\/types\/post"}],"author":[{"embeddable":true,"href":"https:\/\/www.aquila-austria.at\/index.php?rest_route=\/wp\/v2\/users\/2081"}],"replies":[{"embeddable":true,"href":"https:\/\/www.aquila-austria.at\/index.php?rest_route=%2Fwp%2Fv2%2Fcomments&post=4399"}],"version-history":[{"count":5,"href":"https:\/\/www.aquila-austria.at\/index.php?rest_route=\/wp\/v2\/posts\/4399\/revisions"}],"predecessor-version":[{"id":4406,"href":"https:\/\/www.aquila-austria.at\/index.php?rest_route=\/wp\/v2\/posts\/4399\/revisions\/4406"}],"wp:featuredmedia":[{"embeddable":true,"href":"https:\/\/www.aquila-austria.at\/index.php?rest_route=\/wp\/v2\/media\/4402"}],"wp:attachment":[{"href":"https:\/\/www.aquila-austria.at\/index.php?rest_route=%2Fwp%2Fv2%2Fmedia&parent=4399"}],"wp:term":[{"taxonomy":"category","embeddable":true,"href":"https:\/\/www.aquila-austria.at\/index.php?rest_route=%2Fwp%2Fv2%2Fcategories&post=4399"},{"taxonomy":"post_tag","embeddable":true,"href":"https:\/\/www.aquila-austria.at\/index.php?rest_route=%2Fwp%2Fv2%2Ftags&post=4399"}],"curies":[{"name":"wp","href":"https:\/\/api.w.org\/{rel}","templated":true}]}}