{"id":4360,"date":"2017-02-23T17:45:14","date_gmt":"2017-02-23T16:45:14","guid":{"rendered":"http:\/\/www.aquila-austria.at\/?p=4360"},"modified":"2017-02-23T22:00:06","modified_gmt":"2017-02-23T21:00:06","slug":"aquila-kollektion-2017","status":"publish","type":"post","link":"https:\/\/www.aquila-austria.at\/?p=4360","title":{"rendered":"Aquila Kollektion 2017"},"content":{"rendered":"<p><a href=\"www.np-ad.com\" target=\"_blank\"><img loading=\"lazy\" decoding=\"async\" class=\"alignright wp-image-4350 size-full\" title=\"Partner f\u00fcr die Aquila Kollektion 2017\" src=\"http:\/\/www.aquila-austria.at\/wp-content\/uploads\/2017\/02\/np_ad.jpg\" width=\"159\" height=\"77\"><\/a>Noch ein paar Wochen und die Saison 2017 startet. Aquila Segler sind dann nicht nur am Wasser SPITZE, sondern auch an Land in Topform. Nach nun mittlerweile 3j\u00e4hriger Einkleidungspause steht rechtzeitig zu Saisonbeginn die neue &#8222;Aquila Association Austria&#8220;-Kollektion zur Verf\u00fcgung.<\/p>\n<p>Es ist uns gelungen eine Kombi mit Softshell (Navi) und Polo (Wei\u00df und Navi) zusammenzustellen &#8211; die beliebig kombiniert werden kann; F\u00fcr die Racer-Ladies sind nat\u00fcrlich auch elegante Damen Modelle verf\u00fcgbar.<\/p>\n<p style=\"text-align: left;\">Bestellungen k\u00f6nnen ab nun im <a href=\"http:\/\/www.aquila-austria.at\/?page_id=4299\">ONLINE Bestellservice<\/a> erfasst werden; dieses ist auch \u00fcber den Men\u00fcpunkt &#8222;<em>Mitgliederbereich<\/em>&#8220; erreichbar ist. Wer heuer auf der Messe in Tulln &#8222;BOOT 2017&#8220; weilt, ist klar im Vorteil &#8211;&nbsp; die Textilien liegen zur ausf\u00fchrlichen Begutachtung am Aquila Messestand bereit und freuen sich schon auf deine Anprobe.<\/p>\n<p>Lieferung im Laufe der n\u00e4chsten Regatten &#8211; oder wenn es schnell gehen soll, auch per Postweg m\u00f6glich.<\/p>\n<p>&nbsp;<\/p>\n<p>&nbsp;<\/p>\n<p style=\"text-align: right;\">&nbsp;<\/p>\n","protected":false},"excerpt":{"rendered":"<p>Noch ein paar Wochen und die Saison 2017 startet. Aquila Segler sind dann nicht nur am Wasser SPITZE, sondern auch an Land in Topform. Nach nun mittlerweile 3j\u00e4hriger Einkleidungspause steht rechtzeitig zu Saisonbeginn die neue &#8222;Aquila Association Austria&#8220;-Kollektion zur Verf\u00fcgung. Es ist uns gelungen eine Kombi mit Softshell (Navi) und Polo (Wei\u00df und Navi) zusammenzustellen [&hellip;]<\/p>\n","protected":false},"author":2081,"featured_media":4353,"comment_status":"open","ping_status":"closed","sticky":false,"template":"","format":"standard","meta":{"_bbp_topic_count":0,"_bbp_reply_count":0,"_bbp_total_topic_count":0,"_bbp_total_reply_count":0,"_bbp_voice_count":0,"_bbp_anonymous_reply_count":0,"_bbp_topic_count_hidden":0,"_bbp_reply_count_hidden":0,"_bbp_forum_subforum_count":0,"ngg_post_thumbnail":0,"footnotes":""},"categories":[1],"tags":[],"class_list":{"0":"post-4360","1":"post","2":"type-post","3":"status-publish","4":"format-standard","5":"has-post-thumbnail","7":"category-allgemein","8":"czr-hentry"},"views":2507,"_links":{"self":[{"href":"https:\/\/www.aquila-austria.at\/index.php?rest_route=\/wp\/v2\/posts\/4360","targetHints":{"allow":["GET"]}}],"collection":[{"href":"https:\/\/www.aquila-austria.at\/index.php?rest_route=\/wp\/v2\/posts"}],"about":[{"href":"https:\/\/www.aquila-austria.at\/index.php?rest_route=\/wp\/v2\/types\/post"}],"author":[{"embeddable":true,"href":"https:\/\/www.aquila-austria.at\/index.php?rest_route=\/wp\/v2\/users\/2081"}],"replies":[{"embeddable":true,"href":"https:\/\/www.aquila-austria.at\/index.php?rest_route=%2Fwp%2Fv2%2Fcomments&post=4360"}],"version-history":[{"count":19,"href":"https:\/\/www.aquila-austria.at\/index.php?rest_route=\/wp\/v2\/posts\/4360\/revisions"}],"predecessor-version":[{"id":4379,"href":"https:\/\/www.aquila-austria.at\/index.php?rest_route=\/wp\/v2\/posts\/4360\/revisions\/4379"}],"wp:featuredmedia":[{"embeddable":true,"href":"https:\/\/www.aquila-austria.at\/index.php?rest_route=\/wp\/v2\/media\/4353"}],"wp:attachment":[{"href":"https:\/\/www.aquila-austria.at\/index.php?rest_route=%2Fwp%2Fv2%2Fmedia&parent=4360"}],"wp:term":[{"taxonomy":"category","embeddable":true,"href":"https:\/\/www.aquila-austria.at\/index.php?rest_route=%2Fwp%2Fv2%2Fcategories&post=4360"},{"taxonomy":"post_tag","embeddable":true,"href":"https:\/\/www.aquila-austria.at\/index.php?rest_route=%2Fwp%2Fv2%2Ftags&post=4360"}],"curies":[{"name":"wp","href":"https:\/\/api.w.org\/{rel}","templated":true}]}}