{"id":3961,"date":"2016-07-06T16:38:01","date_gmt":"2016-07-06T15:38:01","guid":{"rendered":"http:\/\/www.aquila-austria.at\/?p=3961"},"modified":"2016-07-08T10:28:02","modified_gmt":"2016-07-08T09:28:02","slug":"die-zweite-hyundai-roundabout-ist-geschichte","status":"publish","type":"post","link":"https:\/\/www.aquila-austria.at\/?p=3961","title":{"rendered":"Team NOVAK-LANG erfolgreich bei der Hyundai Roundabout 2016"},"content":{"rendered":"<h3><img loading=\"lazy\" decoding=\"async\" class=\"alignnone wp-image-3978 size-full\" src=\"http:\/\/www.aquila-austria.at\/wp-content\/uploads\/2016\/07\/roundabout-2016.jpg\" alt=\"roundabout 2016\" width=\"1177\" height=\"351\" srcset=\"https:\/\/www.aquila-austria.at\/wp-content\/uploads\/2016\/07\/roundabout-2016.jpg 1177w, https:\/\/www.aquila-austria.at\/wp-content\/uploads\/2016\/07\/roundabout-2016-300x89.jpg 300w, https:\/\/www.aquila-austria.at\/wp-content\/uploads\/2016\/07\/roundabout-2016-768x229.jpg 768w, https:\/\/www.aquila-austria.at\/wp-content\/uploads\/2016\/07\/roundabout-2016-1024x305.jpg 1024w, https:\/\/www.aquila-austria.at\/wp-content\/uploads\/2016\/07\/roundabout-2016-1170x350.jpg 1170w\" sizes=\"auto, (max-width: 1177px) 100vw, 1177px\" \/><\/h3>\n<h3>Die zweite <a href=\"http:\/\/www.czajka.at\/roundabout\/\">Hyundai Roundabout<\/a> ist Geschichte &#8211; Wir waren dabei!!!<\/h3>\n<blockquote><p>Zitat der Veranstalter:<br \/>\nMit \u00fcber 170 teilnehmenden Booten geht die Erfolgsgeschichte der Hyundai Roundabout weiter. Auf Grund der schlechten Windprognose entschloss sich die Organisation den kurzem Kurs zu segeln. Zur geplanten Startzeit um 9:00 Uhr war leider an einigen Startorten kein Wind. Der Start wurde zuerst auf 9:30 verschoben. Der See begann sich zu kr\u00e4useln und ein herrlicher S\u00fcdwind kam auf. Um allen Startorten die gleichen Chancen zu geben, wurde der Start nochmals um eine halbe Stunde verschoben, bis der S\u00fcdwind auch bis zum n\u00f6rdlichen Teil durchgedrungen war. Um 10 Uhr wurde an allen Startorten synchron gestartet und \u00fcber 500 Segler machten sich bei herrlichen Bedingungen, Sonne und 3- 4 Windst\u00e4rken auf die 19,11 Seemeilen lange Strecke um den See.<br \/>\nNach 2 Stunden 12 Minuten war der schnellste Katamaran, ein Nacra 17 gesteuert von Daniel Mulley, wieder im Ziel.<\/p><\/blockquote>\n<p>Link: Live (replay) Race Tracking von\u00a0 <a href=\"http:\/\/www.tractrac.com\/viewer\/index.php?target=http:\/\/em.event.tractrac.com\/events\/9622b2c0-1eb0-0134-b2a8-60a44ce903c3\/races\/8546f5c0-1eb6-0134-b3f5-60a44ce903c3.json\"><img loading=\"lazy\" decoding=\"async\" class=\"alignnone wp-image-3966 size-full\" src=\"http:\/\/www.aquila-austria.at\/wp-content\/uploads\/2016\/07\/TracTrac2.jpg\" alt=\"TracTrac2\" width=\"283\" height=\"88\" \/><\/a><\/p>\n<h3><img loading=\"lazy\" decoding=\"async\" class=\"alignright wp-image-3967 size-full\" src=\"http:\/\/www.aquila-austria.at\/wp-content\/uploads\/2016\/07\/feiern_korr.jpg\" alt=\"feiern_korr\" width=\"480\" height=\"290\" srcset=\"https:\/\/www.aquila-austria.at\/wp-content\/uploads\/2016\/07\/feiern_korr.jpg 480w, https:\/\/www.aquila-austria.at\/wp-content\/uploads\/2016\/07\/feiern_korr-300x181.jpg 300w\" sizes=\"auto, (max-width: 480px) 100vw, 480px\" \/>Liebe Aquila Freunde<\/h3>\n<p>Wie bereits in der Homepage angek\u00fcndigt, sind Alfred Lang und ich mit unserer Aquila Leoncor heuer die \u201eUmatum umman See\u201c mitgesegelt. Zu unserer Freude waren insgesamt 6 Aquila`\u00b4s in der Jollenklasse ( leider nur 12) dabei.<br \/>\nBereits am Freitag habe ich im Yachtclub Podersdorf ( sehr freundliches sch\u00f6nes Ambiente, freundliche Segler, Aufenthalt war unkompliziert) das Boot startklar gemacht, wobei wir auch noch ein reffbares altes Gro\u00dfsegel f\u00fcr Starkwind an Bord hatten, neben Werkzeug, Trinken , Essen, \u00d6lzeug, Verbandszeug, GPS mit Bojenmarken, K\u00fcbel f\u00fcr alle F\u00e4lle und\u2026\u00a0 mit einem Wort f\u00fcr fast alle Eventualit\u00e4ten ger\u00fcstet und folglich \u00fcberladen. Hatten aber Wettergl\u00fcck und keine Material- oder Personensch\u00e4den ( ausgenommen Sonnenbrand und Handhautsch\u00e4den durch Spileine- 6mm ).<br \/>\nAm Abend ist Alfred nachgekommen, die Taktikbesprechung wurde beim Heurigen Eger ( Elisabethschenke ) kombiniert mit Weinverkostung abgehalten, wobei eine maximale Promilleobergrenze als Spitzensportler eingehalten wurde aufgrund der Antidoping- Bestimmungen.<\/p>\n<p>Am Samstag um 0800 auf das Wasser bei sch\u00f6nem warmem S\u00fcdwind, da im Norden noch kein Wind war, wurde der Start um eine Stunde auf 1000 verschoben. Somit vorher noch Aufw\u00e4rmen beim Schwimmen.<\/p>\n<p>Bei plus 1 sec mit Raumschot \u00fcber die Startlinie und mit Spi und 6 Knoten Richtung Wendeboje Weiden\/ Neusiedl und danach nach Breitenbrunn.<br \/>\nDanach eine lange Kreuz mit Wind um 10- 18 Knoten und Alfred oft im Trapez nach M\u00f6rbisch mit Bojen Oggau und Rust, weiter Halbwind zur Boje Illmitz und dann wieder Spikurs nach Podersdorf bei tw. sehr b\u00f6igem, starken, drehendem S\u00fcd.<br \/>\nNach wundersch\u00f6nem Segeltag Zieleinlauf nach 16306 Sekunden f\u00fcr einmal Neusiedlersee gegen dem Uhrzeigersinn, ein tolles Erlebnis, wobei hier sicherlich gilt:\u00a0 Dabeisein ist bereits ein Sieg.<\/p>\n<p>Am Abend gro\u00dfe Veranstaltung mit Buffet und Siegerehrung. Nicht erwartet wurden wir auch\u00a0 2x auf die B\u00fchne gerufen.<br \/>\nErster in der Aquila Wertung vor Herwig Diernegger , Anton Lorenz und Wilhelm Klebel, der in Zukunft auch Aquila Regatten segeln will.<br \/>\nUnd noch ein Preis: Zweiter in der Jollenwertung hinter einem 420er.<\/p>\n<p><a href=\"http:\/\/www.aquila-austria.at\/wp-content\/uploads\/2016\/07\/siegerehrung_korr.jpg\"> <img loading=\"lazy\" decoding=\"async\" class=\"alignnone wp-image-3963 size-full\" src=\"http:\/\/www.aquila-austria.at\/wp-content\/uploads\/2016\/07\/siegerehrung_korr.jpg\" alt=\"siegerehrung_korr\" width=\"480\" height=\"299\" srcset=\"https:\/\/www.aquila-austria.at\/wp-content\/uploads\/2016\/07\/siegerehrung_korr.jpg 480w, https:\/\/www.aquila-austria.at\/wp-content\/uploads\/2016\/07\/siegerehrung_korr-300x187.jpg 300w\" sizes=\"auto, (max-width: 480px) 100vw, 480px\" \/> <\/a><img loading=\"lazy\" decoding=\"async\" class=\"alignnone wp-image-3974 size-full\" src=\"http:\/\/www.aquila-austria.at\/wp-content\/uploads\/2016\/07\/klassensieger_korr-1.jpg\" alt=\"klassensieger_korr\" width=\"433\" height=\"299\" srcset=\"https:\/\/www.aquila-austria.at\/wp-content\/uploads\/2016\/07\/klassensieger_korr-1.jpg 433w, https:\/\/www.aquila-austria.at\/wp-content\/uploads\/2016\/07\/klassensieger_korr-1-300x207.jpg 300w\" sizes=\"auto, (max-width: 433px) 100vw, 433px\" \/><br \/>\nMit oder ohne Sieg, die n\u00e4chste Roundabout 2018 haben wir schon wieder eingeplant, wobei ich mir noch mehr Aquilas w\u00fcnschen w\u00fcrde( inoffizielle Burgenl\u00e4ndische Aquila Meisterschaften).<\/p>\n<p><img loading=\"lazy\" decoding=\"async\" class=\"alignnone wp-image-3968 size-full\" src=\"http:\/\/www.aquila-austria.at\/wp-content\/uploads\/2016\/07\/ergebniss.jpg\" alt=\"ergebniss\" width=\"1130\" height=\"344\" srcset=\"https:\/\/www.aquila-austria.at\/wp-content\/uploads\/2016\/07\/ergebniss.jpg 1130w, https:\/\/www.aquila-austria.at\/wp-content\/uploads\/2016\/07\/ergebniss-300x91.jpg 300w, https:\/\/www.aquila-austria.at\/wp-content\/uploads\/2016\/07\/ergebniss-768x234.jpg 768w, https:\/\/www.aquila-austria.at\/wp-content\/uploads\/2016\/07\/ergebniss-1024x312.jpg 1024w\" sizes=\"auto, (max-width: 1130px) 100vw, 1130px\" \/><\/p>\n<p>Liebe Gr\u00fc\u00dfe aus der Steiermark<\/p>\n<p>AUT 216 Hans Novak und Alfred Lang<\/p>\n<p><a href=\"http:\/\/www.aquila-austria.at\/wp-content\/uploads\/2014\/07\/Johann-Novak.jpg\"><img loading=\"lazy\" decoding=\"async\" class=\"alignnone size-full wp-image-2377\" src=\"http:\/\/www.aquila-austria.at\/wp-content\/uploads\/2014\/07\/Johann-Novak.jpg\" alt=\"Johann Novak\" width=\"240\" height=\"161\" \/><\/a><\/p>\n","protected":false},"excerpt":{"rendered":"<p>Die zweite Hyundai Roundabout ist Geschichte &#8211; Wir waren dabei!!! Zitat der Veranstalter: Mit \u00fcber 170 teilnehmenden Booten geht die Erfolgsgeschichte der Hyundai Roundabout weiter. Auf Grund der schlechten Windprognose entschloss sich die Organisation den kurzem Kurs zu segeln. Zur geplanten Startzeit um 9:00 Uhr war leider an einigen Startorten kein Wind. Der Start wurde [&hellip;]<\/p>\n","protected":false},"author":2081,"featured_media":3963,"comment_status":"open","ping_status":"closed","sticky":false,"template":"","format":"standard","meta":{"_bbp_topic_count":0,"_bbp_reply_count":0,"_bbp_total_topic_count":0,"_bbp_total_reply_count":0,"_bbp_voice_count":0,"_bbp_anonymous_reply_count":0,"_bbp_topic_count_hidden":0,"_bbp_reply_count_hidden":0,"_bbp_forum_subforum_count":0,"ngg_post_thumbnail":0,"footnotes":""},"categories":[11],"tags":[22],"class_list":{"0":"post-3961","1":"post","2":"type-post","3":"status-publish","4":"format-standard","5":"has-post-thumbnail","7":"category-regatta-berichte","8":"tag-neusiedlersee","9":"czr-hentry"},"views":4268,"_links":{"self":[{"href":"https:\/\/www.aquila-austria.at\/index.php?rest_route=\/wp\/v2\/posts\/3961","targetHints":{"allow":["GET"]}}],"collection":[{"href":"https:\/\/www.aquila-austria.at\/index.php?rest_route=\/wp\/v2\/posts"}],"about":[{"href":"https:\/\/www.aquila-austria.at\/index.php?rest_route=\/wp\/v2\/types\/post"}],"author":[{"embeddable":true,"href":"https:\/\/www.aquila-austria.at\/index.php?rest_route=\/wp\/v2\/users\/2081"}],"replies":[{"embeddable":true,"href":"https:\/\/www.aquila-austria.at\/index.php?rest_route=%2Fwp%2Fv2%2Fcomments&post=3961"}],"version-history":[{"count":9,"href":"https:\/\/www.aquila-austria.at\/index.php?rest_route=\/wp\/v2\/posts\/3961\/revisions"}],"predecessor-version":[{"id":3979,"href":"https:\/\/www.aquila-austria.at\/index.php?rest_route=\/wp\/v2\/posts\/3961\/revisions\/3979"}],"wp:featuredmedia":[{"embeddable":true,"href":"https:\/\/www.aquila-austria.at\/index.php?rest_route=\/wp\/v2\/media\/3963"}],"wp:attachment":[{"href":"https:\/\/www.aquila-austria.at\/index.php?rest_route=%2Fwp%2Fv2%2Fmedia&parent=3961"}],"wp:term":[{"taxonomy":"category","embeddable":true,"href":"https:\/\/www.aquila-austria.at\/index.php?rest_route=%2Fwp%2Fv2%2Fcategories&post=3961"},{"taxonomy":"post_tag","embeddable":true,"href":"https:\/\/www.aquila-austria.at\/index.php?rest_route=%2Fwp%2Fv2%2Ftags&post=3961"}],"curies":[{"name":"wp","href":"https:\/\/api.w.org\/{rel}","templated":true}]}}