{"id":3736,"date":"2015-09-22T09:08:39","date_gmt":"2015-09-22T08:08:39","guid":{"rendered":"http:\/\/www.aquila-austria.at\/?p=3736"},"modified":"2016-03-14T09:17:12","modified_gmt":"2016-03-14T08:17:12","slug":"stroemungssegeln-der-donau","status":"publish","type":"post","link":"https:\/\/www.aquila-austria.at\/?p=3736","title":{"rendered":"Str\u00f6mungssegeln in der Donau"},"content":{"rendered":"<h3>Donau SP-Regatta \u2013 20.\/21. September \u2013 Segelclub Krems 9 Mannschaften \u2013 2 Wettfahrten \u2013 0,5 &#8211; 2 Bft.<\/h3>\n<p>Jahrelang hat uns das Donaurevier mit best\u00e4ndigen Winden, aber auch einer f\u00fcr viele SeglerInnen ungewohnte Str\u00f6mung fasziniert und uns viele spannende und interessante Segelstunden beschert. Vor zwei Jahren mussten wir jedoch erstmals auch auf der Donau erleben, dass uns der Wind einen Strich durch die Rechnung machte und einfach nicht mit der notwendigen St\u00e4rke konstant blies, um damals gegen die starke Str\u00f6mung anzuk\u00e4mpfen. Im letzten Jahr wiederum konnten wir nach einem windlosen Samstag am Sonntag immerhin drei Wettfahrten absolvieren und somit wieder eine Wertung zusammenbringen.<\/p>\n<p>Nach diesen zwei windarmen Jahren reisten heuer trotzdem zehn motivierte Teams zur Donau bei Traismauer und hofften alle auf bessere Verh\u00e4ltnisse als in den letzten Jahren. Leider nahm das Wochenende gar keinen guten Beginn, denn unserem Segelkollegen Franz Fink passierte das ungl\u00fcckliche Missgeschick mit aufgestellten Mast mit dem Boot am H\u00e4nger unter dem Marinekran h\u00e4ngenzubleiben und sich beim weiteren Zur\u00fccksto\u00dfen den Mast komplett abzurei\u00dfen. F\u00fcr Franz und Familie war somit das Segelwochenende bereits vor dem ersten Wassern beendet und wurde auch gleich die Heimreise angetreten. F\u00fcr alle anderen SeglerInnen begann das nun bereits obligate Warten auf Wind, der sich auch diesmal nicht und nicht mit Best\u00e4ndigkeit blicken lassen wollte.<\/p>\n<p>F\u00fcr das gesamte Wochenende waren eigentlich gute Winde vorhergesagt, jedoch au\u00dfer einigen B\u00f6en zeigte sich lange keine konstante Brise. Am sp\u00e4teren Nachmittag wurde der Wind aus n\u00f6rdlicher Richtung konstanter und die Wettfahrtleitung entschloss sich zum Start zur 1. Wettfahrt. N\u00f6rdliche Winde bedeuten auf der Donau allerdings fehlende Kreuzkurse und so entwickelte sich die Wettfahrt zu einem ungewohnten Auf- und Absegeln mit jeweils einer Wende und Halse an den Bahnenden. Nach gutem Start konnte Familie Otter die Wettfahrt vor der ausgezeichnet segelnden Familie Witte und Theodor Toumbalev, der sich mit diesmal mit Christine Kalhamer an der Vorschot verst\u00e4rkt hatte, gewinnen. Kurz nach dem Zieleinlauf verabschiedete sich die leichte Nordbrise wieder und das gewohnt ausgezeichnete und ausgiebige Seglerbuffet im Donaurestaurant erwartete bereits unsere tapfer k\u00e4mpfenden SeglerInnen.<br \/>\nAuch am Sonntag \u00e4nderte sich leider die Lage nicht wirklich und erst nach einiger Zeit zeigte sich wieder der ungeliebte Nordwind, der zu einer zweiten Wettfahrt einlud. Unter \u00e4hnlichen Vorzeichen wie bei der ersten Wettfahrt konnte Familie Otter nach gelungenem Start die F\u00fchrung \u00fcbernehmen, hatte jedoch diesmal die Rechnung ohne die zahlreichen Windl\u00f6cher und Theodor Toumbalev und Christine Kalhamer gemacht.<\/p>\n<p>Kurz vor der letzten Tonnenrundung schlief der Wind immer weiter ein und Toumbalev\/Kalhamer nutzten die letzten Windstriche zu einer tollen Aufholjagd und konnten das f\u00fchrende Boot unmittelbar bei der Luvtonne gegen die Str\u00f6mung und mit Schwung abfangen. Souver\u00e4n segelten die beiden die Wettfahrt zu Ende und konnten einen sch\u00f6nen Wettfahrtsieg feiern. Herzliche Gratulation!<\/p>\n<p>Auch alle weiteren Teams k\u00e4mpften aufopfernd mit den widrigen Windverh\u00e4ltnissen und segelten bzw. \u201etrieben\u201c die letzten Wettfahrt zu Ende: Ludwig Sturzeis mit Martin Kalhamer jun. ersegelte mit der Routine des heimischen Donauseglers einen dritten Wettfahrtplatz vor Familie Witte, die sich damit den sehr guten dritten Gesamtplatz sichern konnte.<br \/>\nBesonders schwer hatten es naturgem\u00e4\u00df unsere Hubkielmannschaften, die sich bei solchen Verh\u00e4ltnissen besonders plagen m\u00fcssen. Trotzdem konnten Gerhard und Cornelia Kittinger einige Schwertboote hinter sich lassen und den guten f\u00fcnften Gesamtplatz belegen.<\/p>\n<p>Ergebnis: <img loading=\"lazy\" decoding=\"async\" class=\"alignnone tc-smart-loaded\" src=\"http:\/\/www.aquila-austria.at\/wp-content\/uploads\/2013\/10\/icon-ergebniss.jpg\" alt=\"\" width=\"30\" height=\"30\" \/><\/p>\n<p>Wir bedanken uns beim engagierten Organisations- und Wettfahrtleitungsteam trotzdem f\u00fcr viele sch\u00f6ne und manchmal skurrile Momente!<br \/>\n<img loading=\"lazy\" decoding=\"async\" class=\"alignnone size-full wp-image-3626\" src=\"http:\/\/www.aquila-austria.at\/wp-content\/uploads\/2016\/01\/raoul.jpg\" alt=\"raoul\" width=\"148\" height=\"161\" \/><br \/>\nRaoul<\/p>\n<p>&nbsp;<\/p>\n<p>&nbsp;<\/p>\n","protected":false},"excerpt":{"rendered":"<p>Donau SP-Regatta \u2013 20.\/21. September \u2013 Segelclub Krems 9 Mannschaften \u2013 2 Wettfahrten \u2013 0,5 &#8211; 2 Bft. Jahrelang hat uns das Donaurevier mit best\u00e4ndigen Winden, aber auch einer f\u00fcr viele SeglerInnen ungewohnte Str\u00f6mung fasziniert und uns viele spannende und interessante Segelstunden beschert. Vor zwei Jahren mussten wir jedoch erstmals auch auf der Donau erleben, [&hellip;]<\/p>\n","protected":false},"author":2,"featured_media":2602,"comment_status":"open","ping_status":"closed","sticky":false,"template":"","format":"standard","meta":{"_bbp_topic_count":0,"_bbp_reply_count":0,"_bbp_total_topic_count":0,"_bbp_total_reply_count":0,"_bbp_voice_count":0,"_bbp_anonymous_reply_count":0,"_bbp_topic_count_hidden":0,"_bbp_reply_count_hidden":0,"_bbp_forum_subforum_count":0,"ngg_post_thumbnail":0,"footnotes":""},"categories":[11],"tags":[33],"class_list":{"0":"post-3736","1":"post","2":"type-post","3":"status-publish","4":"format-standard","5":"has-post-thumbnail","7":"category-regatta-berichte","8":"tag-donau","9":"czr-hentry"},"views":2547,"_links":{"self":[{"href":"https:\/\/www.aquila-austria.at\/index.php?rest_route=\/wp\/v2\/posts\/3736","targetHints":{"allow":["GET"]}}],"collection":[{"href":"https:\/\/www.aquila-austria.at\/index.php?rest_route=\/wp\/v2\/posts"}],"about":[{"href":"https:\/\/www.aquila-austria.at\/index.php?rest_route=\/wp\/v2\/types\/post"}],"author":[{"embeddable":true,"href":"https:\/\/www.aquila-austria.at\/index.php?rest_route=\/wp\/v2\/users\/2"}],"replies":[{"embeddable":true,"href":"https:\/\/www.aquila-austria.at\/index.php?rest_route=%2Fwp%2Fv2%2Fcomments&post=3736"}],"version-history":[{"count":6,"href":"https:\/\/www.aquila-austria.at\/index.php?rest_route=\/wp\/v2\/posts\/3736\/revisions"}],"predecessor-version":[{"id":3742,"href":"https:\/\/www.aquila-austria.at\/index.php?rest_route=\/wp\/v2\/posts\/3736\/revisions\/3742"}],"wp:featuredmedia":[{"embeddable":true,"href":"https:\/\/www.aquila-austria.at\/index.php?rest_route=\/wp\/v2\/media\/2602"}],"wp:attachment":[{"href":"https:\/\/www.aquila-austria.at\/index.php?rest_route=%2Fwp%2Fv2%2Fmedia&parent=3736"}],"wp:term":[{"taxonomy":"category","embeddable":true,"href":"https:\/\/www.aquila-austria.at\/index.php?rest_route=%2Fwp%2Fv2%2Fcategories&post=3736"},{"taxonomy":"post_tag","embeddable":true,"href":"https:\/\/www.aquila-austria.at\/index.php?rest_route=%2Fwp%2Fv2%2Ftags&post=3736"}],"curies":[{"name":"wp","href":"https:\/\/api.w.org\/{rel}","templated":true}]}}