{"id":2411,"date":"2014-07-09T08:16:48","date_gmt":"2014-07-09T07:16:48","guid":{"rendered":"http:\/\/www.aquila-austria.at\/?p=2411"},"modified":"2014-07-10T10:56:42","modified_gmt":"2014-07-10T09:56:42","slug":"vorschau-40-jahre-oesterreichische-aquilavereinigung","status":"publish","type":"post","link":"https:\/\/www.aquila-austria.at\/?p=2411","title":{"rendered":"Vorschau 40 Jahre \u00d6sterreichische Aquilavereinigung"},"content":{"rendered":"<p style=\"text-align: justify;\"><img loading=\"lazy\" decoding=\"async\" class=\"alignright wp-image-2436 size-medium\" src=\"http:\/\/www.aquila-austria.at\/wp-content\/uploads\/2014\/07\/a2014_40b-300x206.jpg\" alt=\"a2014_40b\" width=\"300\" height=\"206\" srcset=\"https:\/\/www.aquila-austria.at\/wp-content\/uploads\/2014\/07\/a2014_40b-300x206.jpg 300w, https:\/\/www.aquila-austria.at\/wp-content\/uploads\/2014\/07\/a2014_40b.jpg 396w\" sizes=\"auto, (max-width: 300px) 100vw, 300px\" \/>\u201e<strong><em>Anl\u00e4sse soll man feiern, wie sie fallen<\/em><em>!<\/em><\/strong>\u201c, lautet ein alter Spruch. Vor 40 Jahren, im Jahr 1974 wurde unsere Vereinigung gegr\u00fcndet. Im Jahr 1999, anl\u00e4sslich unseres 25 Jahre Jubil\u00e4ums, feierten wir mit \u00fcber drei\u00dfig TeilnehmerInnen unserer gro\u00dfen Aquilafamilie am Wolfgangsee und verbrachten einen wunderbaren Tag miteinander.<\/p>\n<p style=\"text-align: justify;\">Urspr\u00fcnglich w\u00e4re daher unser n\u00e4chster runder Termin die \u201e50er\u201c Feier, jedoch wollte es der Zufall, dass wir ausgerechnet nach 40 Jahren wieder zu jenem Club zur\u00fcckkehren, wo vor 40 Jahren die 1. SP Regatta der Aquila Vereinigung stattfand &#8211; beim Segelclub Kammersee am sch\u00f6nen Attersee in Litzlberg. Nachdem es daher der Zufall so wollte, finden wir das Anlass genug, um die Veranstaltung herum ein feierliches Rahmenprogramm f\u00fcr jedermann, also vor allem auch f\u00fcr Nicht(mehr)\u00a0 Regattasegler oder einfach nur Freunden der Aquilafamilie zu organisieren.<\/p>\n<p style=\"text-align: justify;\">Selbstverst\u00e4ndlich w\u00e4re es toll, wenn der eine oder andere, ehemalige Regattasegler nochmals seine \u201eRennziege\u201c aktivieren w\u00fcrde, zu uns an den Attersee kommen und teilnehmen k\u00f6nnte. Dadurch k\u00f6nnte unsere 40 Jahre Jubil\u00e4umsregatta zu einem unvergesslichen Wochenende werden.<\/p>\n<p style=\"text-align: justify;\">Auf ein Wiedersehen freut sich<br \/>\nRaoul Otter<\/p>\n<hr \/>\n<p style=\"text-align: justify;\">\n<p><span style=\"color: #808080;\"><a href=\"http:\/\/2014.sck.at\/wp-content\/uploads\/ausschreibung2014\/Aquila2014.pdf\" target=\"_blank\">Ausschreibung<\/a><\/span>, <a href=\"http:\/\/2014.sck.at\/?page_id=2308\" target=\"_blank\">Registrierung<\/a> oder <a href=\"http:\/\/2014.sck.at\/?page_id=1525&amp;kennung=5112\" target=\"_blank\">Meldeliste<\/a>.<\/p>\n<p>Unter 0664\/1858622 k\u00f6nnen noch Zimmerreservierungen im Aquila-Lager angemeldet werden.<\/p>\n<p>&nbsp;<\/p>\n<h3>Kontakt \/ Anfahrt<\/h3>\n<p>Segelclub Kammersee<br \/>\nInselweg 13<br \/>\n4863 Seewalchen am Attersee<\/p>\n<p>Fon: +43 7662 3207<br \/>\n<a title=\"E-Mail an den SCK senden\">office@sck.at<\/a><br \/>\n<a title=\"Segelclub Kammersee\" href=\"http:\/\/www.sck.at\" target=\"_blank\">www.sck.at<\/a><\/p>\n<h3><strong>Parkpl\u00e4tze<\/strong><\/h3>\n<p>Die SCK Parkpl\u00e4tze befinden sich hinter dem Schranken; bei Parken vor dem Schranken droht Besitzst\u00f6rungsklage. Weitere\u00a0Parkm\u00f6glichkeiten bestehen beim Freibad Litzlberg.<\/p>\n<h3>\u00dcbersicht Clubgel\u00e4nde<\/h3>\n<div class=\"wp-caption alignnone\" style=\"width: 310px;\">\n<p><a href=\"http:\/\/2014.sck.at\/wp-content\/uploads\/2014\/03\/Luftbild_SCK.jpg\" target=\"_blank\"><img loading=\"lazy\" decoding=\"async\" src=\"http:\/\/2014.sck.at\/wp-content\/uploads\/2014\/03\/Luftbild_SCK-300x258.jpg\" alt=\"Luftbild_SCK\" width=\"300\" height=\"258\" \/><\/a><\/p>\n<p class=\"wp-caption-text\">zum Vergr\u00f6\u00dfern bitte anklicken<\/p>\n<\/div>\n<p>&nbsp;<\/p>\n<h3>Routenplaner zum SCK<\/h3>\n<p>[googlerouteplaner=1]<\/p>\n<p>&nbsp;<\/p>\n<p>&nbsp;<\/p>\n","protected":false},"excerpt":{"rendered":"<p>\u201eAnl\u00e4sse soll man feiern, wie sie fallen!\u201c, lautet ein alter Spruch. Vor 40 Jahren, im Jahr 1974 wurde unsere Vereinigung gegr\u00fcndet. Im Jahr 1999, anl\u00e4sslich unseres 25 Jahre Jubil\u00e4ums, feierten wir mit \u00fcber drei\u00dfig TeilnehmerInnen unserer gro\u00dfen Aquilafamilie am Wolfgangsee und verbrachten einen wunderbaren Tag miteinander. Urspr\u00fcnglich w\u00e4re daher unser n\u00e4chster runder Termin die \u201e50er\u201c [&hellip;]<\/p>\n","protected":false},"author":10,"featured_media":2414,"comment_status":"open","ping_status":"closed","sticky":false,"template":"","format":"standard","meta":{"_bbp_topic_count":0,"_bbp_reply_count":0,"_bbp_total_topic_count":0,"_bbp_total_reply_count":0,"_bbp_voice_count":0,"_bbp_anonymous_reply_count":0,"_bbp_topic_count_hidden":0,"_bbp_reply_count_hidden":0,"_bbp_forum_subforum_count":0,"ngg_post_thumbnail":0,"footnotes":""},"categories":[1],"tags":[70],"class_list":{"0":"post-2411","1":"post","2":"type-post","3":"status-publish","4":"format-standard","5":"has-post-thumbnail","7":"category-allgemein","8":"tag-attersee","9":"czr-hentry"},"views":2543,"_links":{"self":[{"href":"https:\/\/www.aquila-austria.at\/index.php?rest_route=\/wp\/v2\/posts\/2411","targetHints":{"allow":["GET"]}}],"collection":[{"href":"https:\/\/www.aquila-austria.at\/index.php?rest_route=\/wp\/v2\/posts"}],"about":[{"href":"https:\/\/www.aquila-austria.at\/index.php?rest_route=\/wp\/v2\/types\/post"}],"author":[{"embeddable":true,"href":"https:\/\/www.aquila-austria.at\/index.php?rest_route=\/wp\/v2\/users\/10"}],"replies":[{"embeddable":true,"href":"https:\/\/www.aquila-austria.at\/index.php?rest_route=%2Fwp%2Fv2%2Fcomments&post=2411"}],"version-history":[{"count":19,"href":"https:\/\/www.aquila-austria.at\/index.php?rest_route=\/wp\/v2\/posts\/2411\/revisions"}],"predecessor-version":[{"id":2448,"href":"https:\/\/www.aquila-austria.at\/index.php?rest_route=\/wp\/v2\/posts\/2411\/revisions\/2448"}],"wp:featuredmedia":[{"embeddable":true,"href":"https:\/\/www.aquila-austria.at\/index.php?rest_route=\/wp\/v2\/media\/2414"}],"wp:attachment":[{"href":"https:\/\/www.aquila-austria.at\/index.php?rest_route=%2Fwp%2Fv2%2Fmedia&parent=2411"}],"wp:term":[{"taxonomy":"category","embeddable":true,"href":"https:\/\/www.aquila-austria.at\/index.php?rest_route=%2Fwp%2Fv2%2Fcategories&post=2411"},{"taxonomy":"post_tag","embeddable":true,"href":"https:\/\/www.aquila-austria.at\/index.php?rest_route=%2Fwp%2Fv2%2Ftags&post=2411"}],"curies":[{"name":"wp","href":"https:\/\/api.w.org\/{rel}","templated":true}]}}