{"id":228,"date":"2012-06-12T00:42:49","date_gmt":"2012-06-11T22:42:49","guid":{"rendered":"http:\/\/www.aquila-austria.at\/?p=228"},"modified":"2013-11-07T20:25:25","modified_gmt":"2013-11-07T19:25:25","slug":"httpwww-youtube-comwatchvv0kvrz8sppe","status":"publish","type":"post","link":"https:\/\/www.aquila-austria.at\/?p=228","title":{"rendered":"TV Beitrag: LM + KLM in Seeham"},"content":{"rendered":"<h3>Ausgestrahlt am 12.06.2012 von <a href=\"http:\/\/www.rts-salzburg.at\/\">RTS-Salzburg<\/a><\/h3>\n<p>Am Wochenende fanden in Seeham die Landesmeisterschaften und die \u00d6sterreichischen Klassenmeisterschaften der Aquila statt. Trotz der schwierigen Wetterverh\u00e4ltnisse konnte die Regatta an drei Tagen durchgef\u00fchrt werden!<br \/>\n<iframe loading=\"lazy\" src=\"\/\/www.youtube.com\/embed\/v0KvrZ8sppE?feature=player_detailpage\" height=\"360\" width=\"640\" allowfullscreen=\"\" frameborder=\"0\"><\/iframe><\/p>\n","protected":false},"excerpt":{"rendered":"<p>Ausgestrahlt am 12.06.2012 von RTS-Salzburg Am Wochenende fanden in Seeham die Landesmeisterschaften und die \u00d6sterreichischen Klassenmeisterschaften der Aquila statt. Trotz der schwierigen Wetterverh\u00e4ltnisse konnte die Regatta an drei Tagen durchgef\u00fchrt werden!<\/p>\n","protected":false},"author":10,"featured_media":0,"comment_status":"open","ping_status":"closed","sticky":false,"template":"","format":"video","meta":{"_bbp_topic_count":0,"_bbp_reply_count":0,"_bbp_total_topic_count":0,"_bbp_total_reply_count":0,"_bbp_voice_count":0,"_bbp_anonymous_reply_count":0,"_bbp_topic_count_hidden":0,"_bbp_reply_count_hidden":0,"_bbp_forum_subforum_count":0,"ngg_post_thumbnail":0,"footnotes":""},"categories":[12],"tags":[26],"class_list":{"0":"post-228","1":"post","2":"type-post","3":"status-publish","4":"format-video","6":"category-youtube-filme","7":"tag-obertrumer-see","8":"post_format-post-format-video","9":"czr-hentry"},"views":2346,"_links":{"self":[{"href":"https:\/\/www.aquila-austria.at\/index.php?rest_route=\/wp\/v2\/posts\/228","targetHints":{"allow":["GET"]}}],"collection":[{"href":"https:\/\/www.aquila-austria.at\/index.php?rest_route=\/wp\/v2\/posts"}],"about":[{"href":"https:\/\/www.aquila-austria.at\/index.php?rest_route=\/wp\/v2\/types\/post"}],"author":[{"embeddable":true,"href":"https:\/\/www.aquila-austria.at\/index.php?rest_route=\/wp\/v2\/users\/10"}],"replies":[{"embeddable":true,"href":"https:\/\/www.aquila-austria.at\/index.php?rest_route=%2Fwp%2Fv2%2Fcomments&post=228"}],"version-history":[{"count":1,"href":"https:\/\/www.aquila-austria.at\/index.php?rest_route=\/wp\/v2\/posts\/228\/revisions"}],"predecessor-version":[{"id":474,"href":"https:\/\/www.aquila-austria.at\/index.php?rest_route=\/wp\/v2\/posts\/228\/revisions\/474"}],"wp:attachment":[{"href":"https:\/\/www.aquila-austria.at\/index.php?rest_route=%2Fwp%2Fv2%2Fmedia&parent=228"}],"wp:term":[{"taxonomy":"category","embeddable":true,"href":"https:\/\/www.aquila-austria.at\/index.php?rest_route=%2Fwp%2Fv2%2Fcategories&post=228"},{"taxonomy":"post_tag","embeddable":true,"href":"https:\/\/www.aquila-austria.at\/index.php?rest_route=%2Fwp%2Fv2%2Ftags&post=228"}],"curies":[{"name":"wp","href":"https:\/\/api.w.org\/{rel}","templated":true}]}}