{"id":15423,"date":"2024-09-14T12:10:42","date_gmt":"2024-09-14T11:10:42","guid":{"rendered":"https:\/\/www.aquila-austria.at\/?p=15423"},"modified":"2024-09-28T02:58:13","modified_gmt":"2024-09-28T01:58:13","slug":"kaiserwetter-am-attersee","status":"publish","type":"post","link":"https:\/\/www.aquila-austria.at\/?p=15423","title":{"rendered":"Kaiserwetter am Attersee"},"content":{"rendered":"<div class=\"wp-block-image\">\n<figure class=\"alignright size-medium\"><img loading=\"lazy\" decoding=\"async\" width=\"300\" height=\"191\" src=\"https:\/\/www.aquila-austria.at\/wp-content\/uploads\/2024\/09\/Aquila-1328x347-50-jahre-300x191.png\" alt=\"\" class=\"wp-image-15424\" srcset=\"https:\/\/www.aquila-austria.at\/wp-content\/uploads\/2024\/09\/Aquila-1328x347-50-jahre-300x191.png 300w, https:\/\/www.aquila-austria.at\/wp-content\/uploads\/2024\/09\/Aquila-1328x347-50-jahre-1024x653.png 1024w, https:\/\/www.aquila-austria.at\/wp-content\/uploads\/2024\/09\/Aquila-1328x347-50-jahre-768x490.png 768w, https:\/\/www.aquila-austria.at\/wp-content\/uploads\/2024\/09\/Aquila-1328x347-50-jahre.png 1276w\" sizes=\"auto, (max-width: 300px) 100vw, 300px\" \/><\/figure>\n<\/div>\n\n\n<p>Fast scheint es, als w\u00e4re es gestern gewesen, als Monika und ich im Jahr 2012 erstmals zum SCK kamen. Schon damals waren wir vom Regattasport fasziniert, und von Beginn an suchten wir nach einem seglerischen Zuhause, um dieses Ziel zu verfolgen.<\/p>\n\n\n\n<p>Damals dachten wir, wir k\u00f6nnten schon recht gut segeln \u2013 doch die Realit\u00e4t zeigte uns in unseren Anfangsjahren schnell, dass wir noch viel zu lernen hatten. Besonders motivierend war der Anblick unserer Segelkollegen, die bereits das Bierfass anzapften, w\u00e4hrend wir noch mitten in der Wettfahrt k\u00e4mpften.<\/p>\n\n\n\n<p>Zu unserer \u00dcberraschung wurden wir bereits nach einer Saison gefragt, ob wir 2014 das 40-j\u00e4hrige Jubil\u00e4um der Aquila-Klasse am Attersee im SCK feiern k\u00f6nnten. Mit Freude stifteten wir einen Jubil\u00e4umspokal, der mit einer 10-j\u00e4hrigen Widmung versehen wurde. Dass wir nun im Jahr 2024 das Ende dieser Widmung und das 50-j\u00e4hrige Jubil\u00e4um der Aquila-Klasse feiern durften, unterstreicht die enge Verbindung zwischen sportlichem Wettkampf und sozialem Zusammenhalt in dieser Klasse \u2013 heute aktiver und lebendiger denn je.<\/p>\n\n\n\n<h3 class=\"wp-block-heading\">Freitag<\/h3>\n\n\n\n<a data-flickr-embed=\"true\" href=\"https:\/\/www.flickr.com\/photos\/aquila-austria\/53982137811\/in\/album-72177720320200259\" title=\"DSC02471\"><img loading=\"lazy\" decoding=\"async\" src=\"https:\/\/live.staticflickr.com\/65535\/53982137811_7cf104b7c3_h.jpg\" width=\"1600\" height=\"1067\" alt=\"DSC02471\"\/><\/a><script async src=\"\/\/embedr.flickr.com\/assets\/client-code.js\" charset=\"utf-8\"><\/script>\n\n\n\n<p>Die meisten von den 13 gemeldeten Aquila-Teams reisten an, so konnten die Boote zumeod bereits am Vortag instandgesetzt werden. Nach Herzlichen Begr\u00fc\u00dfungen konnte der Anreisetag mit einem entspannten Sundowner in unserer legend\u00e4ren &#8222;UnsinkBar&#8220; abgeschlossen werden.<\/p>\n\n\n\n<h3 class=\"wp-block-heading\">Samstag<\/h3>\n\n\n\n<a data-flickr-embed=\"true\" href=\"https:\/\/www.flickr.com\/photos\/aquila-austria\/53982566820\/in\/album-72177720320200259\" title=\"DSC02507\"><img loading=\"lazy\" decoding=\"async\" src=\"https:\/\/live.staticflickr.com\/65535\/53982566820_f1cdb19a1e_h.jpg\" width=\"1600\" height=\"497\" alt=\"DSC02507\"\/><\/a><script async src=\"\/\/embedr.flickr.com\/assets\/client-code.js\" charset=\"utf-8\"><\/script>\n\n\n\n<p>Am Samstag setzte der nord\u00f6stliche Wind fast p\u00fcnktlich zum ersten Start ein, sogar noch etwas st\u00e4rker als dieser am Vortag wehte. Insgesamt wurden vier Wettfahrten\u00a0bis 18:00 Uhr\u00a0gesegelt. Mit 6 Punkten lagen wir auf Rang 2, dicht gefolgt von Fritz Wallisch mit unseren Clubkameraden Edgar (7.Punkte) bzw. der Fam. Otter (8 Punkte). Der R\u00fcckstand auf den f\u00fchrenden Martin Kalhamer (SSC, 3 Punkte) war zwar riesig, aber nicht un\u00fcberwindbar.<\/p>\n\n\n\n<h3 class=\"wp-block-heading\">Jubil\u00e4umsfeier<\/h3>\n\n\n\n<a data-flickr-embed=\"true\" href=\"https:\/\/www.flickr.com\/photos\/aquila-austria\/53993153117\/in\/album-72177720320200259\" title=\"WhatsApp Bild 2024-09-07 um 21.20.58_f8efcd87\"><img loading=\"lazy\" decoding=\"async\" src=\"https:\/\/live.staticflickr.com\/65535\/53993153117_471f24dd79_h.jpg\" width=\"1600\" height=\"1096\" alt=\"WhatsApp Bild 2024-09-07 um 21.20.58_f8efcd87\"\/><\/a><script async src=\"\/\/embedr.flickr.com\/assets\/client-code.js\" charset=\"utf-8\"><\/script>\n\n\n\n<p>Das 50-j\u00e4hrige Jubil\u00e4um der Aquila-Klasse wurde mit einem festlichen Rahmen gefeiert. Dank der Unterst\u00fctzung unserer SCK-Nachbarn konnten wir ein musikalisches Programm organisieren, das allen \u2013 Seglern, Ehreng\u00e4sten und Helfern \u2013 gleicherma\u00dfen gefiel. Besonders beeindruckend war die Jubil\u00e4umstorte, die f\u00fcr 60 Personen ausgelegt war und alle begeisterte.<\/p>\n\n\n\n<a data-flickr-embed=\"true\" href=\"https:\/\/www.flickr.com\/photos\/aquila-austria\/53994469640\/in\/album-72177720320200259\/\" title=\"WhatsApp Bild 2024-09-07 um 21.20.58_36cc6830\"><img loading=\"lazy\" decoding=\"async\" src=\"https:\/\/live.staticflickr.com\/65535\/53994469640_759f38046f_h.jpg\" width=\"1600\" height=\"995\" alt=\"WhatsApp Bild 2024-09-07 um 21.20.58_36cc6830\"\/><\/a><script async src=\"\/\/embedr.flickr.com\/assets\/client-code.js\" charset=\"utf-8\"><\/script>\n\n\n\n<h3 class=\"wp-block-heading\">Sonntag<\/h3>\n\n\n\n<a data-flickr-embed=\"true\" href=\"https:\/\/www.flickr.com\/photos\/aquila-austria\/53982440974\/in\/album-72177720320200259\" title=\"DSC02937\"><img loading=\"lazy\" decoding=\"async\" src=\"https:\/\/live.staticflickr.com\/65535\/53982440974_926806f20f_h.jpg\" width=\"1600\" height=\"751\" alt=\"DSC02937\"\/><\/a><script async src=\"\/\/embedr.flickr.com\/assets\/client-code.js\" charset=\"utf-8\"><\/script>\n\n\n\n<p>Der Sonntag begann mit der Unsicherheit, ob eine f\u00fcnfte Wettfahrt \u00fcberhaupt m\u00f6glich sein w\u00fcrde. Doch am Nachmittag setzte erneut der Rosenwind mit 7-8 Knoten ein, und wir konnten mit einem weiteren ersten Platz den Abstand zur Spitze eliminieren und unsere Position nach hinten absichern.<br><br>Die Ober\u00f6sterreichische Landesverbandsmeisterschaft der Klasse Aquila konnte auch 2024 erfolgreich verteidigt werden und bleibt im SCK.<\/p>\n\n\n\n<h3 class=\"wp-block-heading\">Ergebnis Aquila<\/h3>\n\n\n\n<a data-flickr-embed=\"true\" href=\"https:\/\/www.flickr.com\/photos\/aquila-austria\/53981243942\/in\/album-72177720320200259\" title=\"IMG_8600\"><img loading=\"lazy\" decoding=\"async\" src=\"https:\/\/live.staticflickr.com\/65535\/53981243942_e9c53acc60_h.jpg\" width=\"1600\" height=\"1200\" alt=\"IMG_8600\"\/><\/a><script async src=\"\/\/embedr.flickr.com\/assets\/client-code.js\" charset=\"utf-8\"><\/script>\n\n\n\n<figure class=\"wp-block-table\"><table class=\"has-fixed-layout\"><tbody><tr><td>1.<\/td><td>Martin Kalhamer (SSC)<\/td><td>Christine Kalhamer (SSC)<\/td><\/tr><tr><td>2.<\/td><td>Christian Kimmeswenger (SCK)<\/td><td>Monika Kimmeswenger (SCK)<\/td><\/tr><tr><td>3.<\/td><td>Raoul Otter (YCO)<\/td><td>Maria Otter (YCO)<\/td><\/tr><\/tbody><\/table><\/figure>\n\n\n\n<h3 class=\"wp-block-heading\">Der Aquila Jubil\u00e4umspokal 2024<\/h3>\n\n\n<div class=\"wp-block-image\">\n<figure class=\"alignright size-medium\"><img loading=\"lazy\" decoding=\"async\" width=\"149\" height=\"300\" src=\"https:\/\/www.aquila-austria.at\/wp-content\/uploads\/2024\/09\/pokal-ohne-Schild-149x300.png\" alt=\"\" class=\"wp-image-15436\" srcset=\"https:\/\/www.aquila-austria.at\/wp-content\/uploads\/2024\/09\/pokal-ohne-Schild-149x300.png 149w, https:\/\/www.aquila-austria.at\/wp-content\/uploads\/2024\/09\/pokal-ohne-Schild-508x1024.png 508w, https:\/\/www.aquila-austria.at\/wp-content\/uploads\/2024\/09\/pokal-ohne-Schild-768x1548.png 768w, https:\/\/www.aquila-austria.at\/wp-content\/uploads\/2024\/09\/pokal-ohne-Schild-762x1536.png 762w, https:\/\/www.aquila-austria.at\/wp-content\/uploads\/2024\/09\/pokal-ohne-Schild-1016x2048.png 1016w, https:\/\/www.aquila-austria.at\/wp-content\/uploads\/2024\/09\/pokal-ohne-Schild-300x605.png 300w, https:\/\/www.aquila-austria.at\/wp-content\/uploads\/2024\/09\/pokal-ohne-Schild.png 1409w\" sizes=\"auto, (max-width: 149px) 100vw, 149px\" \/><\/figure>\n<\/div>\n\n\n<p>Im Rahmen der Jubil\u00e4umsregatta 2024 wurde erneut der prestigetr\u00e4chtige Aquila Jubil\u00e4umspokal vergeben. Mit ihrer herausragenden Leistung zum f\u00fcnften Rang sicherten sich Kainacher und Adler nicht nur den Pokal, sondern erhielten auch die besondere Ehre, die Zukunft dieses Wanderpokals zu bestimmen.<\/p>\n\n\n\n<p>Der Aquila Jubil\u00e4umspokal, gestiftet im Jahr 2014 anl\u00e4sslich des 40-j\u00e4hrigen Jubil\u00e4ums der Aquila-Klasse, wird j\u00e4hrlich bei einer Regatta am Attersee verliehen. Der Preis, ein Mahagoni-Sockel mit einer stilisierten Genua aus Edelstahl, wird an den besten Steuermann vergeben, der den Pokal noch nie zuvor gewonnen hat. Sollte der Erstplatzierte den Pokal bereits einmal errungen haben, wird der Preis an den n\u00e4chstbesten Teilnehmer weitergereicht. Jedes siegreiche Team tr\u00e4gt die Verantwortung, das Jahresrecht auf einer Plakette am Pokal zu verewigen.<\/p>\n\n\n\n<p>Mit dem Gewinn des 50-j\u00e4hrigen Jubil\u00e4umspokals 2024 haben Kainacher und Adler nun die M\u00f6glichkeit, die Zukunft des Pokals zu gestalten. Sie k\u00f6nnen den Pokal auf Lebenszeit behalten oder einen neuen Vergabemodus festlegen \u2013 eine au\u00dfergew\u00f6hnliche Ehre, die sowohl ihre seglerische Leistung als auch ihre Bedeutung f\u00fcr die Aquila-Klasse unterstreicht.<\/p>\n\n\n\n<p>Diese Tradition, die vor zehn Jahren ihren Anfang nahm, bleibt ein Symbol f\u00fcr die enge Verbindung von sportlichem Erfolg und Kameradschaft innerhalb der Aquila-Klasse.<\/p>\n\n\n\n<p>Links: <a href=\"https:\/\/www.aquila-austria.at\/wp-content\/uploads\/2024\/09\/Aquila-SCK.pdf\">Ergebnis<\/a>, <a href=\"https:\/\/www.flickr.com\/photos\/aquila-austria\/albums\/72177720320200259\">Bilder<\/a>, <a href=\"https:\/\/www.aquila-austria.at\/wp-content\/uploads\/2024\/09\/Stiftungsurkunde-zum-Aquila-Jubilaeumspokal-ver2.pdf\">Jubil\u00e4umspokal<\/a><\/p>\n\n\n\n<p><\/p>\n\n\n\n<p>Christian Kimmeswenger<br>AUT 2002<\/p>\n\n\n\n<p><\/p>\n","protected":false},"excerpt":{"rendered":"<p>Fast scheint es, als w\u00e4re es gestern gewesen, als Monika und ich im Jahr 2012 erstmals zum SCK kamen. Schon damals waren wir vom Regattasport fasziniert, und von Beginn an suchten wir nach einem seglerischen Zuhause, um dieses Ziel zu verfolgen. Damals dachten wir, wir k\u00f6nnten schon recht gut segeln \u2013 doch die Realit\u00e4t zeigte [&hellip;]<\/p>\n","protected":false},"author":2081,"featured_media":4021,"comment_status":"open","ping_status":"closed","sticky":false,"template":"","format":"standard","meta":{"_bbp_topic_count":0,"_bbp_reply_count":0,"_bbp_total_topic_count":0,"_bbp_total_reply_count":0,"_bbp_voice_count":0,"_bbp_anonymous_reply_count":0,"_bbp_topic_count_hidden":0,"_bbp_reply_count_hidden":0,"_bbp_forum_subforum_count":0,"ngg_post_thumbnail":0,"footnotes":""},"categories":[11],"tags":[70],"class_list":{"0":"post-15423","1":"post","2":"type-post","3":"status-publish","4":"format-standard","5":"has-post-thumbnail","7":"category-regatta-berichte","8":"tag-attersee","9":"czr-hentry"},"views":1394,"_links":{"self":[{"href":"https:\/\/www.aquila-austria.at\/index.php?rest_route=\/wp\/v2\/posts\/15423","targetHints":{"allow":["GET"]}}],"collection":[{"href":"https:\/\/www.aquila-austria.at\/index.php?rest_route=\/wp\/v2\/posts"}],"about":[{"href":"https:\/\/www.aquila-austria.at\/index.php?rest_route=\/wp\/v2\/types\/post"}],"author":[{"embeddable":true,"href":"https:\/\/www.aquila-austria.at\/index.php?rest_route=\/wp\/v2\/users\/2081"}],"replies":[{"embeddable":true,"href":"https:\/\/www.aquila-austria.at\/index.php?rest_route=%2Fwp%2Fv2%2Fcomments&post=15423"}],"version-history":[{"count":9,"href":"https:\/\/www.aquila-austria.at\/index.php?rest_route=\/wp\/v2\/posts\/15423\/revisions"}],"predecessor-version":[{"id":15445,"href":"https:\/\/www.aquila-austria.at\/index.php?rest_route=\/wp\/v2\/posts\/15423\/revisions\/15445"}],"wp:featuredmedia":[{"embeddable":true,"href":"https:\/\/www.aquila-austria.at\/index.php?rest_route=\/wp\/v2\/media\/4021"}],"wp:attachment":[{"href":"https:\/\/www.aquila-austria.at\/index.php?rest_route=%2Fwp%2Fv2%2Fmedia&parent=15423"}],"wp:term":[{"taxonomy":"category","embeddable":true,"href":"https:\/\/www.aquila-austria.at\/index.php?rest_route=%2Fwp%2Fv2%2Fcategories&post=15423"},{"taxonomy":"post_tag","embeddable":true,"href":"https:\/\/www.aquila-austria.at\/index.php?rest_route=%2Fwp%2Fv2%2Ftags&post=15423"}],"curies":[{"name":"wp","href":"https:\/\/api.w.org\/{rel}","templated":true}]}}