{"id":14473,"date":"2023-09-11T14:45:53","date_gmt":"2023-09-11T13:45:53","guid":{"rendered":"https:\/\/www.aquila-austria.at\/?p=14473"},"modified":"2023-09-13T09:18:36","modified_gmt":"2023-09-13T08:18:36","slug":"lvmooe-und-atterseepokal","status":"publish","type":"post","link":"https:\/\/www.aquila-austria.at\/?p=14473","title":{"rendered":"LVMO\u00d6 und Atterseepokal bei Traumhaftem Bedingungen"},"content":{"rendered":"\n<p>Das Jahr 2023 \u00fcberrascht uns immer wieder. Normalerweise wird das Wetter am See nach dem 15. August herbstlicher. Umso mehr genossen wir das herrliche Sp\u00e4tsommerwetter w\u00e4hrend der Landesverbandsmeisterschaften von Ober\u00f6sterreich f\u00fcr die Klasse \u201eAquila\u201c und von Burgenland in der Klasse \u201e20m\u00b2 Jollenkreuzer\u201c vom 02.-03.09.2023<\/p>\n\n\n\n<a data-flickr-embed=\"true\" href=\"https:\/\/www.flickr.com\/photos\/segelclub_kammersee\/53172787920\" title=\"freitagsregatta\"><img loading=\"lazy\" decoding=\"async\" src=\"https:\/\/live.staticflickr.com\/65535\/53172787920_357a529a1c_h.jpg\" width=\"1600\" height=\"413\" alt=\"freitagsregatta\"\/><\/a><script async src=\"\/\/embedr.flickr.com\/assets\/client-code.js\" charset=\"utf-8\"><\/script>\n\n\n\n<p>Schon am Freitag, dem 1. September, trafen einige Boote beider Klassen ein. Es freute uns besonders, dass Aquila AUT127, Ferdinand Brandst\u00e4tter und Josef Reichs\u00f6llner, an der Freitagsregatta teilnahm. Eine nette Gelegenheit um sich auf das anstehenden Rennwochenende vorzubereiten. Eine hei\u00dfe und gleichzeitig windstille Angelegenheit.<\/p>\n\n\n\n<p>Team Kimmeswenger konnte die Freitagsregatta auf Rang 2 beenden, dicht gefolgt vom Team Brandst\u00e4tter.<br>Beide Aquilas waren bis einige Meter vor dem Ziel in F\u00fchrung. Mussten sich aber sprichw\u00f6rtlich in letzter Sekunde von einer A27 geschlagen geben.<\/p>\n\n\n\n<h3 class=\"wp-block-heading\">Samstag, 2. September<\/h3>\n\n\n\n<p>Entgegen der allgemeinen Vermutung setzte sich der Ostwind nicht schon mittags durch, sondern erst um 15:00 Uhr. Der Kammer-See zeigte sich von seiner sch\u00f6nsten Seite und bot unseren Regattateilnehmern m\u00e4\u00dfigen Ostwind, t\u00fcrkis schimmerndes Wasser und sommerliche Temperaturen.&nbsp;<\/p>\n\n\n\n<a data-flickr-embed=\"true\" href=\"https:\/\/www.flickr.com\/photos\/segelclub_kammersee\/53170738888\/in\/album-72177720311014890\/\" title=\"20230903_131402\"><img loading=\"lazy\" decoding=\"async\" src=\"https:\/\/live.staticflickr.com\/65535\/53170738888_5d9a5410cf_h.jpg\" width=\"1600\" height=\"1200\" alt=\"20230903_131402\"\/><\/a><script async src=\"\/\/embedr.flickr.com\/assets\/client-code.js\" charset=\"utf-8\"><\/script>\n\n\n\n<p>Das lockte nicht nur Segel-, sondern auch die ersten \u201eoffiziellen\u201c Motorboote auf das Wasser. Zwei Welten trafen aufeinander, Wind gegen Motorkraft. An die Wellen der Motorboote, mussten sich die Segler erst wieder gew\u00f6hnen.<\/p>\n\n\n\n<p>Es konnten zwei g\u00fcltige Wettfahrten durchgef\u00fchrt werden.<\/p>\n\n\n\n<p>Abends, im Hafen, kippte der Mast von Aquila \u201eHight five\u201c. &nbsp;Ausgel\u00f6st durch einen Klassiker: \u201eabgefallener Sicherungssplint der Wantenspanner\u201c. Zum Gl\u00fcck brach nur die Sollbruchstelle im Mastfu\u00df (eine wirkliche Verbesserung der neuen Aquila). Es entstand kein weiterer Schaden an Personen oder Booten. Leider war kein Ersatzteil verf\u00fcgbar, so konnte dieses Boot am weiteren Renngeschehen nicht mehr teilnehmen.<\/p>\n\n\n\n<p>Dank SCK Mitglied, Ronald Brutter, der seine Aquila als Ersatzboot zur Verf\u00fcgung stellte, konnte Team Otter an den weiteren Wettfahrten teilnehmen.<\/p>\n\n\n\n<p>Das Abendprogramm im Clubrestaurant, begann um 19:30 Uhr und beendete den Tag am Wasser. Unser Wirt Theo und sein Team gaben, auch bei der letzten Regatta im Jahr, ihr Bestes. Das Essen war nicht nur ausgezeichnet, sondern auch reichlich.<\/p>\n\n\n\n<p>Die Weinspende des burgenl\u00e4ndischen Weinguts \u201eElfenhof\u201c war eine Besonderheit, die unsere Teilnehmer mit Freude annahmen. Ein herzliches Dankesch\u00f6n nochmals an dieser Stelle f\u00fcr das Sponsoring.<\/p>\n\n\n\n<h3 class=\"wp-block-heading\">Sonntag, 3. September<\/h3>\n\n\n\n<a data-flickr-embed=\"true\" href=\"https:\/\/www.flickr.com\/photos\/segelclub_kammersee\/53170250271\/in\/album-72177720311014890\/\" title=\"20230903_131409\"><img loading=\"lazy\" decoding=\"async\" src=\"https:\/\/live.staticflickr.com\/65535\/53170250271_96668ea6f4_h.jpg\" width=\"1600\" height=\"1200\" alt=\"20230903_131409\"\/><\/a><script async src=\"\/\/embedr.flickr.com\/assets\/client-code.js\" charset=\"utf-8\"><\/script>\n\n\n\n<p>Es konnten zwei weitere Wettfahrten bei S\u00fcdwest- bis Westwind gestartet werden. Der Wind war sehr trickreich und schwer zu lesen. Eine Herausforderung f\u00fcr alle Segler.<\/p>\n\n\n\n<p>Drehende Winde von m\u00e4\u00dfigem Druck und viele B\u00f6en forderten die Aquilas. Das machte das Rennen spannend.<\/p>\n\n\n\n<p>Und obwohl Raoul und Maria Otter mit einem ihnen unbekannten Boot am Rennen teilnahmen, konnten sie den Sieg wieder f\u00fcr sich entscheiden. Man konnte es den Beiden ansehen, dass sie mit den ungew\u00f6hnlichen Bedingungen am Schiff k\u00e4mpften.<\/p>\n\n\n\n<a data-flickr-embed=\"true\" href=\"https:\/\/www.flickr.com\/photos\/segelclub_kammersee\/53170470709\/in\/album-72177720311014890\/\" title=\"IMG_8974\"><img loading=\"lazy\" decoding=\"async\" src=\"https:\/\/live.staticflickr.com\/65535\/53170470709_9ec32a0dbd_h.jpg\" width=\"1600\" height=\"1200\" alt=\"IMG_8974\"\/><\/a><script async src=\"\/\/embedr.flickr.com\/assets\/client-code.js\" charset=\"utf-8\"><\/script>\n\n\n\n<p>Die Medaille f\u00fcr den Ober\u00f6sterreichischen Verbandsmeister konnte das Team \u201efancy coconut\u201c, AUT 2002, erfolgreich verteidigen. Die Erfahrung am Heimatrevier kommt uns mit Sicherheit zu Gute.\u00a0<\/p>\n\n\n\n<a data-flickr-embed=\"true\" href=\"https:\/\/www.flickr.com\/photos\/segelclub_kammersee\/53169685632\/in\/album-72177720311014890\/\" title=\"IMG_8978\"><img loading=\"lazy\" decoding=\"async\" src=\"https:\/\/live.staticflickr.com\/65535\/53169685632_0c2eed649c_h.jpg\" width=\"1600\" height=\"1200\" alt=\"IMG_8978\"\/><\/a><script async src=\"\/\/embedr.flickr.com\/assets\/client-code.js\" charset=\"utf-8\"><\/script>\n\n\n\n<p>Das Anrecht, auf den Aquila Jubil\u00e4umspokal, geht im heurigem Jahr an SCK Steuerfrau Eva-Maria Truttenberger mit Vorschoterin Livia Farese (UYCNs), welche als Einstand in dieser Klasse einen ausgezeichneten 6. Rang erringen konnten.<\/p>\n\n\n\n<ul class=\"wp-block-list\">\n<li><a href=\"https:\/\/sck.at\/wp-content\/uploads\/wp_dndcf7_uploads\/2023\/09\/Endergebnis-Aquila.pdf\">Endergebnis<\/a><\/li>\n\n\n\n<li><a href=\"https:\/\/www.flickr.com\/photos\/segelclub_kammersee\/albums\/72177720311014890\/with\/53170271146\/\">Fotos<\/a><\/li>\n<\/ul>\n\n\n\n<figure class=\"wp-block-image size-full\"><img loading=\"lazy\" decoding=\"async\" width=\"250\" height=\"51\" src=\"https:\/\/www.aquila-austria.at\/wp-content\/uploads\/2018\/09\/fancy-coconut-1.png\" alt=\"\" class=\"wp-image-5360\"\/><\/figure>\n\n\n\n<p>Monika Kimmeswenger<br>Aquila, AUT 2002<\/p>\n","protected":false},"excerpt":{"rendered":"<p>Das Jahr 2023 \u00fcberrascht uns immer wieder. Normalerweise wird das Wetter am See nach dem 15. August herbstlicher. Umso mehr genossen wir das herrliche Sp\u00e4tsommerwetter w\u00e4hrend der Landesverbandsmeisterschaften von Ober\u00f6sterreich f\u00fcr die Klasse \u201eAquila\u201c und von Burgenland in der Klasse \u201e20m\u00b2 Jollenkreuzer\u201c vom 02.-03.09.2023 Schon am Freitag, dem 1. September, trafen einige Boote beider Klassen [&hellip;]<\/p>\n","protected":false},"author":2081,"featured_media":14475,"comment_status":"open","ping_status":"closed","sticky":false,"template":"","format":"standard","meta":{"_bbp_topic_count":0,"_bbp_reply_count":0,"_bbp_total_topic_count":0,"_bbp_total_reply_count":0,"_bbp_voice_count":0,"_bbp_anonymous_reply_count":0,"_bbp_topic_count_hidden":0,"_bbp_reply_count_hidden":0,"_bbp_forum_subforum_count":0,"ngg_post_thumbnail":0,"footnotes":""},"categories":[11],"tags":[70],"class_list":{"0":"post-14473","1":"post","2":"type-post","3":"status-publish","4":"format-standard","5":"has-post-thumbnail","7":"category-regatta-berichte","8":"tag-attersee","9":"czr-hentry"},"views":3347,"_links":{"self":[{"href":"https:\/\/www.aquila-austria.at\/index.php?rest_route=\/wp\/v2\/posts\/14473","targetHints":{"allow":["GET"]}}],"collection":[{"href":"https:\/\/www.aquila-austria.at\/index.php?rest_route=\/wp\/v2\/posts"}],"about":[{"href":"https:\/\/www.aquila-austria.at\/index.php?rest_route=\/wp\/v2\/types\/post"}],"author":[{"embeddable":true,"href":"https:\/\/www.aquila-austria.at\/index.php?rest_route=\/wp\/v2\/users\/2081"}],"replies":[{"embeddable":true,"href":"https:\/\/www.aquila-austria.at\/index.php?rest_route=%2Fwp%2Fv2%2Fcomments&post=14473"}],"version-history":[{"count":7,"href":"https:\/\/www.aquila-austria.at\/index.php?rest_route=\/wp\/v2\/posts\/14473\/revisions"}],"predecessor-version":[{"id":14489,"href":"https:\/\/www.aquila-austria.at\/index.php?rest_route=\/wp\/v2\/posts\/14473\/revisions\/14489"}],"wp:featuredmedia":[{"embeddable":true,"href":"https:\/\/www.aquila-austria.at\/index.php?rest_route=\/wp\/v2\/media\/14475"}],"wp:attachment":[{"href":"https:\/\/www.aquila-austria.at\/index.php?rest_route=%2Fwp%2Fv2%2Fmedia&parent=14473"}],"wp:term":[{"taxonomy":"category","embeddable":true,"href":"https:\/\/www.aquila-austria.at\/index.php?rest_route=%2Fwp%2Fv2%2Fcategories&post=14473"},{"taxonomy":"post_tag","embeddable":true,"href":"https:\/\/www.aquila-austria.at\/index.php?rest_route=%2Fwp%2Fv2%2Ftags&post=14473"}],"curies":[{"name":"wp","href":"https:\/\/api.w.org\/{rel}","templated":true}]}}