{"id":14436,"date":"2023-07-24T07:22:47","date_gmt":"2023-07-24T06:22:47","guid":{"rendered":"https:\/\/www.aquila-austria.at\/?p=14436"},"modified":"2023-07-24T13:09:58","modified_gmt":"2023-07-24T12:09:58","slug":"rekordtemperaturen-und-windschweinereien","status":"publish","type":"post","link":"https:\/\/www.aquila-austria.at\/?p=14436","title":{"rendered":"Rekordtemperaturen und Windschweinereien"},"content":{"rendered":"\n<p>Der Abschluss der Fr\u00fchjahrsregattaserie fand auch dieses Jahr wieder am Traunsee statt. Vom 8. bis 9.7.2023 trafen sich 11 Teams im Segelclub Traunkirchen, um sich am Fu\u00dfe des Traunsteins auf dem Traunsee zu matchen. Die Kulisse ist sehr beeindruckend und macht das Regattieren f\u00fcr uns Aquil\u00f6re zu einem besonderen Erlebnis.<\/p>\n\n\n\n<a data-flickr-embed=\"true\" href=\"https:\/\/www.flickr.com\/photos\/aquila-austria\/53067844303\/in\/album-72177720309979671\/\" title=\"Foto 09.07.23, 07 58 24\"><img loading=\"lazy\" decoding=\"async\" src=\"https:\/\/live.staticflickr.com\/65535\/53067844303_7610469d1b_o.jpg\" width=\"2618\" height=\"1113\" alt=\"Foto 09.07.23, 07 58 24\"\/><\/a><script async src=\"\/\/embedr.flickr.com\/assets\/client-code.js\" charset=\"utf-8\"><\/script>\n\n\n\n<p>Ein Wochenende mit Temperaturen, die rekordverd\u00e4chtig ins Jahresmittel an der Wetterwarte eingetragen wurden, erwartete uns. Samstag stand im Zeichen des Segelns, w\u00e4hrend es abends Livemusik gab und am Sonntag ein Fr\u00fchschoppen veranstaltet wurde. Das Rahmenprogramm f\u00fcr die Clubregatta im SCT hat uns Aquil\u00f6re herzlich integriert. Trotz der Hitzewelle fanden sich viele am Clubgel\u00e4nde ein, was ein positives Zeichen f\u00fcr die Teilnahme am Regattaleben ist. Ein nettes Pl\u00e4tzchen war den Wohnmobil\u00f6ren dennoch reserviert, wof\u00fcr sich diese herzlich bedanken m\u00f6chten.<\/p>\n\n\n\n<p>Leider blieb am ersten Regattatag, dem Samstag, die erhoffte Thermik aus. Viele \u00fcberbr\u00fcckten die Wartezeit im k\u00fchlen See und genossen das Ambiente im Club bei erfrischenden Getr\u00e4nken. Obwohl wir gerne gesegelt w\u00e4ren, bot uns das mehr Zeit f\u00fcr Unterhaltung und Geselligkeit mit Freunden.<\/p>\n\n\n\n<a data-flickr-embed=\"true\" href=\"https:\/\/www.flickr.com\/photos\/aquila-austria\/53067835058\/in\/album-72177720309979671\/\" title=\"Foto 08.07.23, 19 48 32\"><img loading=\"lazy\" decoding=\"async\" src=\"https:\/\/live.staticflickr.com\/65535\/53067835058_9fc1f4c1e5_k.jpg\" width=\"2048\" height=\"1536\" alt=\"Foto 08.07.23, 19 48 32\"\/><\/a><script async src=\"\/\/embedr.flickr.com\/assets\/client-code.js\" charset=\"utf-8\"><\/script>\n\n\n\n<p>Daher entschied die Regattaleitung, dass wir uns am Sonntag um 7:00 Uhr zum Auslaufen treffen, was sich als richtige Entscheidung erwiesen sollte..<\/p>\n\n\n\n<p>Schon um 6:00 Uhr herrschte reges Treiben am Clubgel\u00e4nde, als ob der Tag aus seinem Dornr\u00f6schenschlaf erwacht w\u00e4re. So begaben auch wir uns zu unseren Booten, um sie zu Wasser zu lassen. An Land war kein Wind zu sehen, doch das \u00e4nderte sich, als wir den Steg in Richtung Traunstein verlie\u00dfen. Vom Rudern aus dem Hafen ging es direkt ins Trapez. So eine Situation findet man wohl nur am Traunsee vor. Ein herrlicher Regattamorgen erwartete uns auf dem Wasser, w\u00e4hrend die Sonne sich bem\u00fchte, \u00fcber den Traunstein zu blicken. Sowohl Surfer als auch andere Wassersportler nutzten, wie wir, die Windst\u00e4rke von etwa 10-15 kn. Die Vorstartphase kam uns endlos vor, und es entwickelte sich ein berauschendes Gef\u00fchl aus Endorphinen und Adrenalin. Einen Morgen auf diese Weise zu begr\u00fc\u00dfen, muss kein &#8222;Traum&#8220; sein, sondern ein &#8222;Traun&#8220;stein.<\/p>\n\n\n\n<a data-flickr-embed=\"true\" href=\"https:\/\/www.flickr.com\/photos\/aquila-austria\/53067736735\/in\/album-72177720309979671\/\" title=\"Foto 09.07.23, 07 57 18\"><img loading=\"lazy\" decoding=\"async\" src=\"https:\/\/live.staticflickr.com\/65535\/53067736735_0320a09520_k.jpg\" width=\"2048\" height=\"1137\" alt=\"Foto 09.07.23, 07 57 18\"\/><\/a><script async src=\"\/\/embedr.flickr.com\/assets\/client-code.js\" charset=\"utf-8\"><\/script>\n\n\n\n<p>Der Wind blies best\u00e4ndig lebhaft und begleitete uns \u00fcber die gesamte 1. Wettfahrt.<\/p>\n\n\n\n<p>W\u00e4hrend der 2. Vorstartphase mussten wir feststellen, dass der Wind gedreht hatte und an St\u00e4rke verloren hatte. Diese Feststellung, dass sich die Verh\u00e4ltnisse ge\u00e4ndert hatten, f\u00fchrte zu einem allgemeinen R\u00fcckruf, der einen wesentlichen Einfluss auf den weiteren Verlauf der 2. Wettfahrt hatte.<\/p>\n\n\n\n<a data-flickr-embed=\"true\" href=\"https:\/\/www.flickr.com\/photos\/aquila-austria\/53067532659\/in\/album-72177720309979671\/\" title=\"Foto 09.07.23, 10 34 33\"><img loading=\"lazy\" decoding=\"async\" src=\"https:\/\/live.staticflickr.com\/65535\/53067532659_f9a7f899df_k.jpg\" width=\"2048\" height=\"1536\" alt=\"Foto 09.07.23, 10 34 33\"\/><\/a><script async src=\"\/\/embedr.flickr.com\/assets\/client-code.js\" charset=\"utf-8\"><\/script>\n\n\n\n<p>Der 3. Start zur 2. Wettfahrt gelang ohne Komplikationen. Doch es gab pl\u00f6tzlich Windschweinereien, \u00fcber die sich wohl der Traunstein k\u00f6stlich am\u00fcsierte. In der 2. Runde kamen nur noch die Boote im vorderen Feld ohne Schwierigkeiten um die Luvtonne. Das restliche Feld hatte beim Runden der Luvtonne Sorge, dass die Windst\u00e4rke bis zum Ziel nicht ausreichen w\u00fcrde. Am Downwind schauten jene, die sich im hinteren Feld befanden, zu den Siegern des Tages, die gerade noch mit dem Restschwung ins Ziel kamen. Solche Situationen, in denen der Wind von Achtern immer schw\u00e4cher wird und unsere bunten Spinnaker kaum noch stehen, lassen die Teams in ihren Booten verzweifeln. Ein Aufholen ist undenkbar. Die Hoffnung, die Ziellinie zu erreichen, bleibt in solchen Momenten bestehen. Dennoch wird um jede Position gek\u00e4mpft, und es blieb bis zum Schluss spannend.<\/p>\n\n\n\n<a data-flickr-embed=\"true\" href=\"https:\/\/www.flickr.com\/photos\/aquila-austria\/53067338101\/in\/album-72177720309979671\/\" title=\"Foto 09.07.23, 14 16 21\"><img loading=\"lazy\" decoding=\"async\" src=\"https:\/\/live.staticflickr.com\/65535\/53067338101_57fec79556_k.jpg\" width=\"2048\" height=\"1536\" alt=\"Foto 09.07.23, 14 16 21\"\/><\/a><script async src=\"\/\/embedr.flickr.com\/assets\/client-code.js\" charset=\"utf-8\"><\/script>\n\n\n\n<p>Auch wenn es f\u00fcr den einen oder anderen nicht wie gew\u00fcnscht gelaufen ist und es nicht f\u00fcr einen Platz in den vorderen R\u00e4ngen gereicht hat, war es dennoch ein wundersch\u00f6ner Segelmorgen. Die Erinnerungen an dieses Erlebnis begleiten uns mit Freude, und wir freuen uns auf die n\u00e4chste Veranstaltung am Attersee.<\/p>\n\n\n\n<p>Weitere Links: <a href=\"https:\/\/www.flickr.com\/photos\/aquila-austria\/albums\/72177720309979671\">Galerie<\/a>, <a href=\"https:\/\/www.aquila-austria.at\/wp-content\/uploads\/2023\/07\/traunkirchner-segeltage_aquila.pdf\">Ergebnis<\/a><\/p>\n\n\n\n<figure class=\"wp-block-image size-full is-resized\"><img loading=\"lazy\" decoding=\"async\" src=\"https:\/\/www.aquila-austria.at\/wp-content\/uploads\/2014\/05\/moni.jpg\" alt=\"\" class=\"wp-image-1936\" width=\"162\" height=\"210\" srcset=\"https:\/\/www.aquila-austria.at\/wp-content\/uploads\/2014\/05\/moni.jpg 456w, https:\/\/www.aquila-austria.at\/wp-content\/uploads\/2014\/05\/moni-300x389.jpg 300w, https:\/\/www.aquila-austria.at\/wp-content\/uploads\/2014\/05\/moni-231x300.jpg 231w\" sizes=\"auto, (max-width: 162px) 100vw, 162px\" \/><\/figure>\n\n\n\n<p>Monika Kimmeswenger<br>AUT 2002<br><\/p>\n","protected":false},"excerpt":{"rendered":"<p>Der Abschluss der Fr\u00fchjahrsregattaserie fand auch dieses Jahr wieder am Traunsee statt. Vom 8. bis 9.7.2023 trafen sich 11 Teams im Segelclub Traunkirchen, um sich am Fu\u00dfe des Traunsteins auf dem Traunsee zu matchen. Die Kulisse ist sehr beeindruckend und macht das Regattieren f\u00fcr uns Aquil\u00f6re zu einem besonderen Erlebnis. Ein Wochenende mit Temperaturen, die [&hellip;]<\/p>\n","protected":false},"author":2081,"featured_media":14447,"comment_status":"open","ping_status":"closed","sticky":false,"template":"","format":"standard","meta":{"_bbp_topic_count":0,"_bbp_reply_count":0,"_bbp_total_topic_count":0,"_bbp_total_reply_count":0,"_bbp_voice_count":0,"_bbp_anonymous_reply_count":0,"_bbp_topic_count_hidden":0,"_bbp_reply_count_hidden":0,"_bbp_forum_subforum_count":0,"ngg_post_thumbnail":0,"footnotes":""},"categories":[11],"tags":[52],"class_list":{"0":"post-14436","1":"post","2":"type-post","3":"status-publish","4":"format-standard","5":"has-post-thumbnail","7":"category-regatta-berichte","8":"tag-traunsee","9":"czr-hentry"},"views":3525,"_links":{"self":[{"href":"https:\/\/www.aquila-austria.at\/index.php?rest_route=\/wp\/v2\/posts\/14436","targetHints":{"allow":["GET"]}}],"collection":[{"href":"https:\/\/www.aquila-austria.at\/index.php?rest_route=\/wp\/v2\/posts"}],"about":[{"href":"https:\/\/www.aquila-austria.at\/index.php?rest_route=\/wp\/v2\/types\/post"}],"author":[{"embeddable":true,"href":"https:\/\/www.aquila-austria.at\/index.php?rest_route=\/wp\/v2\/users\/2081"}],"replies":[{"embeddable":true,"href":"https:\/\/www.aquila-austria.at\/index.php?rest_route=%2Fwp%2Fv2%2Fcomments&post=14436"}],"version-history":[{"count":4,"href":"https:\/\/www.aquila-austria.at\/index.php?rest_route=\/wp\/v2\/posts\/14436\/revisions"}],"predecessor-version":[{"id":14444,"href":"https:\/\/www.aquila-austria.at\/index.php?rest_route=\/wp\/v2\/posts\/14436\/revisions\/14444"}],"wp:featuredmedia":[{"embeddable":true,"href":"https:\/\/www.aquila-austria.at\/index.php?rest_route=\/wp\/v2\/media\/14447"}],"wp:attachment":[{"href":"https:\/\/www.aquila-austria.at\/index.php?rest_route=%2Fwp%2Fv2%2Fmedia&parent=14436"}],"wp:term":[{"taxonomy":"category","embeddable":true,"href":"https:\/\/www.aquila-austria.at\/index.php?rest_route=%2Fwp%2Fv2%2Fcategories&post=14436"},{"taxonomy":"post_tag","embeddable":true,"href":"https:\/\/www.aquila-austria.at\/index.php?rest_route=%2Fwp%2Fv2%2Ftags&post=14436"}],"curies":[{"name":"wp","href":"https:\/\/api.w.org\/{rel}","templated":true}]}}