{"id":14361,"date":"2023-06-10T15:26:37","date_gmt":"2023-06-10T14:26:37","guid":{"rendered":"https:\/\/www.aquila-austria.at\/?p=14361"},"modified":"2023-06-10T15:50:11","modified_gmt":"2023-06-10T14:50:11","slug":"mit-geduld-und-leidenschaft-der-auftakt-zur-saison-2023","status":"publish","type":"post","link":"https:\/\/www.aquila-austria.at\/?p=14361","title":{"rendered":"Mit Geduld und Leidenschaft &#8211; der Auftakt zur Saison 2023"},"content":{"rendered":"\n<p>Wir von der Forelle (also Thomas, Felix, Tobi und ich) wollten ja schon lange, dass wieder ein paar Aquilen nach Steyr kommen. Leider hat es sich bis jetzt vor zwei Wochen nicht ergeben. Um so mehr freute es mich daher, dass am Wochenende vom 29. April und 30. April zum Saisonauftakt eine Schwerpunktregatta bei uns am Stausee Staning stattfinden durfte.<\/p>\n\n\n\n<a data-flickr-embed=\"true\" href=\"https:\/\/www.flickr.com\/photos\/aquila-austria\/52964185469\/in\/dateposted-public\/\" title=\"20230430_094820a\"><img loading=\"lazy\" decoding=\"async\" src=\"https:\/\/live.staticflickr.com\/65535\/52964185469_197fa1ef4d_o.jpg\" width=\"4000\" height=\"699\" alt=\"20230430_094820a\"\/><\/a><script async src=\"\/\/embedr.flickr.com\/assets\/client-code.js\" charset=\"utf-8\"><\/script>\n\n\n\n<p>Trotz einiger personeller Ausf\u00e4lle in der K\u00fcche und in der Wettfahrtleitung erlebten die 26 Aquilisten ein durchaus nicht \u201ewindloses\u201c Wochenende mit Grillabend und Pasta-Gerichten am Samstag und Sonntag. An dieser Stelle m\u00f6chte ich mich auch noch einmal bei Lukas Mitter bedanken, der spontan als Wettfahrtleiter einsprang!<br>Schon am Freitag trafen die ersten Seglerinnen und Segler ein. Wobei Fritz \u2013 wie ich mir sagen lassen habe \u2013 der Tradition treu blieb und mit seinem Wohnmobil in dem aufgeweichten, schlammigen Boden versank. Vor einigen Jahren soll es so \u00e4hnlich schon einmal passiert sein. Damals habe ihn allerdings der benachbarte Bauer mit seinem Traktor herausgezogen. Dieses Mal waren Werner und Yvonne gemeinsam mit einigen Clubmitgliedern und einem PS-starken BMW zur Stelle und zogen den doch etwas ver\u00e4rgerten Fritz samt Wohnmobil wieder aus dem Schlamm. Keine Sorge, sichere Quellen haben mir verklickert, dass, als Thomas wohl scherzhaft meinte, er erhebe Klage auf Flurschaden, dies nun doch nicht der Fall sein sollte \ud83d\ude0a. \u00dcbrigens ist von den beiden Reifenspuren schon fast nichts mehr zu sehen.<\/p>\n\n\n\n<p>Unabh\u00e4ngig davon begann die Action eigentlich erst am Samstagmorgen. Nach einem sch\u00f6nen Wiedersehen mit allen Aquila-Teams lie\u00df ein Blick in den Wetterbericht die Gesichter der Revierkenner eher lang werden. Angesagt war n\u00e4mlich Wind aus Nord und S\u00fcd (wohlgemerkt, dass Ost- bzw. Westwind die einzigen wirklich regattatauglichen Windrichtungen auf unserem beschaulichen Stausee sind).<\/p>\n\n\n\n<a data-flickr-embed=\"true\" href=\"https:\/\/www.flickr.com\/photos\/aquila-austria\/52964198214\/in\/dateposted-public\/\" title=\"P4290115a\"><img loading=\"lazy\" decoding=\"async\" src=\"https:\/\/live.staticflickr.com\/65535\/52964198214_3eb1dd6fb0_k.jpg\" width=\"2048\" height=\"770\" alt=\"P4290115a\"\/><\/a><script async src=\"\/\/embedr.flickr.com\/assets\/client-code.js\" charset=\"utf-8\"><\/script>\n\n\n\n<p>Ich pers\u00f6nlich hatte ja gehofft, dass es Bilder gibt, auf denen sich zwei Boote auf entgegenkommendem Kurs mit derselben Segelstellung begegnen. Da fragt man sich schon: \u201eWie ist so etwas m\u00f6glich?\u201c Antwort ist die Wetterlage. Durch die Klippen an der Nordseite des Sees baut sich eine Wind-Wand \u00fcber den halben See auf, die es m\u00f6glich macht, dass zwei Boote auf gegengleichem Kurs mit verschiedenen Winden aufeinanderzusegeln k\u00f6nnen.<\/p>\n\n\n\n<p>Die Windverh\u00e4ltnisse hielten aber nur wenige ab, trotzdem aufs Wasser zu gehen und die Nase ein bisschen in unseren herausfordernden, drehenden und b\u00f6igen Wind zu stecken. Denn trotz der untypischen Wetterverh\u00e4ltnisse ergab sich eine Wettfahrt, die Thomas Beidl und Felix Redtenbacher (AUT 2001) nach einer unglaublichen Aufholjagt aus dem Regattamittelfeld knapp vor der High Five (AUT 2000) und dem Team Kalhamer (AUT 213) f\u00fcr sich entscheiden konnten.<\/p>\n\n\n\n<a data-flickr-embed=\"true\" href=\"https:\/\/www.flickr.com\/photos\/aquila-austria\/52964434640\/in\/dateposted-public\/\" title=\"P4290128a\"><img loading=\"lazy\" decoding=\"async\" src=\"https:\/\/live.staticflickr.com\/65535\/52964434640_cb48966b23_k.jpg\" width=\"2048\" height=\"499\" alt=\"P4290128a\"\/><\/a><script async src=\"\/\/embedr.flickr.com\/assets\/client-code.js\" charset=\"utf-8\"><\/script>\n\n\n\n<p>Dass dieser Wind nicht alle begeistern konnte, war klar. Gl\u00fccklicherweise blieb uns der Wettergott zumindest mit strahlendem Sonnenschein und den ersten beiden warmen Tagen dieses Jahres gn\u00e4dig, sodass die an Land Gebliebenen sich in der Sonne entspannen bzw. miteinander austauschen konnten. Anl\u00e4sslich der langen Winterpause gab es viele Dinge, die f\u00fcr interessanten Gespr\u00e4chsstoff sorgten. Au\u00dferdem hatte Roman seine Gitarre mit dabei, und so ergab es sich, dass sich eine kleine Gruppe im Schatten des Clubhauses gemeinsam mit Otto, der musikalischen Seele unseres Clubs, zusammenfand und gemeinsam Lieder sang.<\/p>\n\n\n\n<p>Am Sonntagabend dann, als die meisten schon wieder auf dem Heimweg waren, kam er dann endlich, der ersehnte, stabile Wind aus Ost. Wie immer erst, wenn es zu sp\u00e4t ist. Das hat Lukas\u2018 Tochter Mona und meine Mama Corinna nicht aufgehalten. Sie segelten bis zum Sonnenuntergang auf der Cappuccino. Vielleicht k\u00f6nnen wir uns ja in ein paar Jahren \u00fcber ein paar weitere Regattateams aus der Forelle freuen!<\/p>\n\n\n\n<a data-flickr-embed=\"true\" href=\"https:\/\/www.flickr.com\/photos\/aquila-austria\/52964067916\/in\/dateposted-public\/\" title=\"florian\"><img loading=\"lazy\" decoding=\"async\" src=\"https:\/\/live.staticflickr.com\/65535\/52964067916_6bf946dc3f_t.jpg\" width=\"87\" height=\"100\" alt=\"florian\"\/><\/a><script async src=\"\/\/embedr.flickr.com\/assets\/client-code.js\" charset=\"utf-8\"><\/script>\n\n\n\n<p>Florian Nowitzki<br>AUT 130<\/p>\n\n\n\n<p><\/p>\n","protected":false},"excerpt":{"rendered":"<p>Wir von der Forelle (also Thomas, Felix, Tobi und ich) wollten ja schon lange, dass wieder ein paar Aquilen nach Steyr kommen. Leider hat es sich bis jetzt vor zwei Wochen nicht ergeben. Um so mehr freute es mich daher, dass am Wochenende vom 29. April und 30. April zum Saisonauftakt eine Schwerpunktregatta bei uns [&hellip;]<\/p>\n","protected":false},"author":2081,"featured_media":14373,"comment_status":"open","ping_status":"closed","sticky":false,"template":"","format":"standard","meta":{"_bbp_topic_count":0,"_bbp_reply_count":0,"_bbp_total_topic_count":0,"_bbp_total_reply_count":0,"_bbp_voice_count":0,"_bbp_anonymous_reply_count":0,"_bbp_topic_count_hidden":0,"_bbp_reply_count_hidden":0,"_bbp_forum_subforum_count":0,"ngg_post_thumbnail":0,"footnotes":""},"categories":[11],"tags":[48],"class_list":{"0":"post-14361","1":"post","2":"type-post","3":"status-publish","4":"format-standard","5":"has-post-thumbnail","7":"category-regatta-berichte","8":"tag-enns","9":"czr-hentry"},"views":15979,"_links":{"self":[{"href":"https:\/\/www.aquila-austria.at\/index.php?rest_route=\/wp\/v2\/posts\/14361","targetHints":{"allow":["GET"]}}],"collection":[{"href":"https:\/\/www.aquila-austria.at\/index.php?rest_route=\/wp\/v2\/posts"}],"about":[{"href":"https:\/\/www.aquila-austria.at\/index.php?rest_route=\/wp\/v2\/types\/post"}],"author":[{"embeddable":true,"href":"https:\/\/www.aquila-austria.at\/index.php?rest_route=\/wp\/v2\/users\/2081"}],"replies":[{"embeddable":true,"href":"https:\/\/www.aquila-austria.at\/index.php?rest_route=%2Fwp%2Fv2%2Fcomments&post=14361"}],"version-history":[{"count":5,"href":"https:\/\/www.aquila-austria.at\/index.php?rest_route=\/wp\/v2\/posts\/14361\/revisions"}],"predecessor-version":[{"id":14368,"href":"https:\/\/www.aquila-austria.at\/index.php?rest_route=\/wp\/v2\/posts\/14361\/revisions\/14368"}],"wp:featuredmedia":[{"embeddable":true,"href":"https:\/\/www.aquila-austria.at\/index.php?rest_route=\/wp\/v2\/media\/14373"}],"wp:attachment":[{"href":"https:\/\/www.aquila-austria.at\/index.php?rest_route=%2Fwp%2Fv2%2Fmedia&parent=14361"}],"wp:term":[{"taxonomy":"category","embeddable":true,"href":"https:\/\/www.aquila-austria.at\/index.php?rest_route=%2Fwp%2Fv2%2Fcategories&post=14361"},{"taxonomy":"post_tag","embeddable":true,"href":"https:\/\/www.aquila-austria.at\/index.php?rest_route=%2Fwp%2Fv2%2Ftags&post=14361"}],"curies":[{"name":"wp","href":"https:\/\/api.w.org\/{rel}","templated":true}]}}