{"id":14123,"date":"2022-09-28T06:31:58","date_gmt":"2022-09-28T05:31:58","guid":{"rendered":"https:\/\/www.aquila-austria.at\/?p=14123"},"modified":"2022-11-03T07:21:39","modified_gmt":"2022-11-03T06:21:39","slug":"saisonabschluss-am-attersee","status":"publish","type":"post","link":"https:\/\/www.aquila-austria.at\/?p=14123","title":{"rendered":"Saisonabschluss am Attersee"},"content":{"rendered":"\n<p>Am letzten Wochenende im September haben wir uns wieder aufgemacht, um die letzte Regatta in der Saison 2022 zu segeln. Die Anreise, mal wieder mit einer Vollsperrung auf der A3, dauerte l\u00e4nger und so sind wir erst am Samstag fr\u00fch um halb zwei angekommen als bei Fritz und Edgar gerade die Lichter ausgingen. Also Zelt aufgemacht und die Heizung an f\u00fcr ein wenig Schlaf vor der ersten Wettfahrt.<\/p>\n\n\n\n<a data-flickr-embed=\"true\" data-header=\"true\" href=\"https:\/\/www.flickr.com\/photos\/aquila-austria\/albums\/72177720302465389\" title=\"2022 Attersee\"><img loading=\"lazy\" decoding=\"async\" src=\"https:\/\/live.staticflickr.com\/65535\/52390152043_bb2418bfa3_h.jpg\" width=\"1200\" height=\"1600\" alt=\"2022 Attersee\"><\/a><script async src=\"\/\/embedr.flickr.com\/assets\/client-code.js\" charset=\"utf-8\"><\/script>\n\n\n\n<p>Als wir gefr\u00fchst\u00fcckt hatten, trafen nach und nach auch die restlichen Teilnehmer ein. Aufbauen und Registrierung gingen ziemlich schnell, sodass noch Zeit f\u00fcr einen Kaffee blieb. Beim Briefing sprach Wettfahrtleiter Bernhard Strauch aus, was die Wetterfr\u00f6sche in den letzten Tagen schon prognostiziert hatten: schwacher Wind aus Ost vielleicht auch Nord, wenn man die regionale Komponente einrechnet. Auf jeden Fall sollten wir uns bereithalten, schnell auslaufen zu k\u00f6nnen, um den erst m\u00f6glichen Wind nutzen zu k\u00f6nnen.<\/p>\n\n\n\n<p>Also ab zum Kran und schon mal die Aquila zu Wasser gebracht. Wir sind dann auch zeitnah ausgelaufen und haben uns zusammen mit den FD\u00b4s im Startgebiet eingefunden. Tats\u00e4chlich war dann auch ein Start zur ersten Wettfahrt m\u00f6glich. Nachdem die Linie bei den zuerst startenden FD\u00b4s ziemlich weit durchhing, haben sich anscheinend alle Aquilen gedacht: \u201eDas k\u00f6nnen wir besser\u201c. Der Wind drehte beim Niederholen des blauen Peters ganz auf Nord und so ging unser Plan an der Boje zu starten nicht auf, da wir wie so manch andere Segler nicht mehr hinkamen. Also mitten auf der Linie zum Start eine Wende und auf stb los. Wir waren alle an der Linie oder vielleicht sogar\u2026.. .<\/p>\n\n\n\n<p>Es stellte sich heraus, dass der umgeplante Start gar nicht so schlecht war. Wir sind bei dem wenigen Wind sogar richtig ruhig im Schiff geblieben, trotzdem die Kurse f\u00fcr uns schon ungewohnt lang sind. An der Luvtonne waren Raoul und Maria vor Fritz und Edgar verfolgt von Christian und Monika sowie Toni und Wenzel. Familie Kalhamer ist dann auch noch vor uns um die Boje, aber wir waren gut dabei und auf dem Vorwindkurs hat sich nicht viel ver\u00e4ndert. Die Euphorie wurde kurz vor dem Leefass ged\u00e4mpft, als der Wettfahrtleiter von hinten pfeifend mit der Flagge N im Motorboot an uns vorbei fuhr. Es war wohl an der Luvtonne nicht mehr gen\u00fcgend Wind f\u00fcr die kreuzenden FD\u00b4s.<\/p>\n\n\n\n<figure class=\"wp-block-embed is-type-video is-provider-youtube wp-block-embed-youtube wp-embed-aspect-16-9 wp-has-aspect-ratio\"><div class=\"wp-block-embed__wrapper\">\n<iframe loading=\"lazy\" title=\"Wenig Wind f\u00fcr Aquila und FD\" width=\"1170\" height=\"658\" src=\"https:\/\/www.youtube.com\/embed\/5iudiC_3YXc?feature=oembed\" frameborder=\"0\" allow=\"accelerometer; autoplay; clipboard-write; encrypted-media; gyroscope; picture-in-picture\" allowfullscreen><\/iframe>\n<\/div><\/figure>\n\n\n\n<p>Wir haben dann noch etwas gewartet, w\u00e4hrend die Wettfahrtleitung die Windstriche gez\u00e4hlt hat, bis sie zum Ergebnis N \u00fcber A kam. So blieb gen\u00fcgend Zeit um die Vermessung der Masten, von Martin Kalhamer ordentlich visualisiert,&nbsp; ausgiebig zu diskutieren. Dann wurde ein k\u00f6stliches Buffet aufgetischt und nach dem ein oder anderen Freibier nochmal \u00fcberlegt, ob die Startlinie vor oder zwischen den Startern lag.<\/p>\n\n\n\n<p>Am Sonntagmorgen mussten wir erst mal den See suchen, der sich im dichten Nebel verbarg. Der Nebel lichtete sich zwar, aber man konnte dann leider die glatten Stellen auf dem Wasser besser sehen. Es wurden verschiedene Wetterapps zu Rate gezogen und die Nord- und S\u00fcdseite des Sees verglichen, aber es blieb dabei: Nicht gen\u00fcgend Wind f\u00fcr uns. So endete die letzte Regatta des Jahres genauso wie die Erste am Altm\u00fchlsee, leider ohne eine g\u00fcltige Wettfahrt.<\/p>\n\n\n\n<p>Aber wir hatten viel Freude im <a href=\"http:\/\/sck.at\">Segelclub Kammersee<\/a> und sind wieder herzlich aufgenommen und gut versorgt worden. In unserem Kalender steht die Regatta am <a href=\"https:\/\/de.wikipedia.org\/wiki\/Attersee\">Attersee<\/a> f\u00fcr 2023 schon wieder drin.<\/p>\n\n\n\n<p>Vielen Dank dem gesamten Team<\/p>\n\n\n\n<figure class=\"wp-block-image size-thumbnail\"><img loading=\"lazy\" decoding=\"async\" width=\"150\" height=\"150\" src=\"https:\/\/www.aquila-austria.at\/wp-content\/uploads\/2019\/07\/Marcus-und-B\u00e4rbel-150x150.jpg\" alt=\"\" class=\"wp-image-5761\" srcset=\"https:\/\/www.aquila-austria.at\/wp-content\/uploads\/2019\/07\/Marcus-und-B\u00e4rbel-150x150.jpg 150w, https:\/\/www.aquila-austria.at\/wp-content\/uploads\/2019\/07\/Marcus-und-B\u00e4rbel-100x100.jpg 100w\" sizes=\"auto, (max-width: 150px) 100vw, 150px\" \/><\/figure>\n\n\n\n<p>B\u00e4rbel und Marcus<br>GER 658<\/p>\n\n\n\n<p>Weitere Links: <a href=\"https:\/\/www.flickr.com\/photos\/aquila-austria\/albums\/72177720302465389\">Bilder<\/a><\/p>\n","protected":false},"excerpt":{"rendered":"<p>Am letzten Wochenende im September haben wir uns wieder aufgemacht, um die letzte Regatta in der Saison 2022 zu segeln. Die Anreise, mal wieder mit einer Vollsperrung auf der A3, dauerte l\u00e4nger und so sind wir erst am Samstag fr\u00fch um halb zwei angekommen als bei Fritz und Edgar gerade die Lichter ausgingen. Also Zelt [&hellip;]<\/p>\n","protected":false},"author":2081,"featured_media":4021,"comment_status":"open","ping_status":"closed","sticky":false,"template":"","format":"standard","meta":{"_bbp_topic_count":0,"_bbp_reply_count":0,"_bbp_total_topic_count":0,"_bbp_total_reply_count":0,"_bbp_voice_count":0,"_bbp_anonymous_reply_count":0,"_bbp_topic_count_hidden":0,"_bbp_reply_count_hidden":0,"_bbp_forum_subforum_count":0,"ngg_post_thumbnail":0,"footnotes":""},"categories":[11],"tags":[70],"class_list":{"0":"post-14123","1":"post","2":"type-post","3":"status-publish","4":"format-standard","5":"has-post-thumbnail","7":"category-regatta-berichte","8":"tag-attersee","9":"czr-hentry"},"views":3898,"_links":{"self":[{"href":"https:\/\/www.aquila-austria.at\/index.php?rest_route=\/wp\/v2\/posts\/14123","targetHints":{"allow":["GET"]}}],"collection":[{"href":"https:\/\/www.aquila-austria.at\/index.php?rest_route=\/wp\/v2\/posts"}],"about":[{"href":"https:\/\/www.aquila-austria.at\/index.php?rest_route=\/wp\/v2\/types\/post"}],"author":[{"embeddable":true,"href":"https:\/\/www.aquila-austria.at\/index.php?rest_route=\/wp\/v2\/users\/2081"}],"replies":[{"embeddable":true,"href":"https:\/\/www.aquila-austria.at\/index.php?rest_route=%2Fwp%2Fv2%2Fcomments&post=14123"}],"version-history":[{"count":8,"href":"https:\/\/www.aquila-austria.at\/index.php?rest_route=\/wp\/v2\/posts\/14123\/revisions"}],"predecessor-version":[{"id":14140,"href":"https:\/\/www.aquila-austria.at\/index.php?rest_route=\/wp\/v2\/posts\/14123\/revisions\/14140"}],"wp:featuredmedia":[{"embeddable":true,"href":"https:\/\/www.aquila-austria.at\/index.php?rest_route=\/wp\/v2\/media\/4021"}],"wp:attachment":[{"href":"https:\/\/www.aquila-austria.at\/index.php?rest_route=%2Fwp%2Fv2%2Fmedia&parent=14123"}],"wp:term":[{"taxonomy":"category","embeddable":true,"href":"https:\/\/www.aquila-austria.at\/index.php?rest_route=%2Fwp%2Fv2%2Fcategories&post=14123"},{"taxonomy":"post_tag","embeddable":true,"href":"https:\/\/www.aquila-austria.at\/index.php?rest_route=%2Fwp%2Fv2%2Ftags&post=14123"}],"curies":[{"name":"wp","href":"https:\/\/api.w.org\/{rel}","templated":true}]}}