{"id":13921,"date":"2022-06-29T18:52:34","date_gmt":"2022-06-29T17:52:34","guid":{"rendered":"https:\/\/www.aquila-austria.at\/?p=13921"},"modified":"2022-06-29T19:20:51","modified_gmt":"2022-06-29T18:20:51","slug":"lernen-von-den-meistern","status":"publish","type":"post","link":"https:\/\/www.aquila-austria.at\/?p=13921","title":{"rendered":"Lernen von den Meistern"},"content":{"rendered":"\n<p>&#8230;ein sehr pers\u00f6nlicher Bericht<\/p>\n\n\n\n<h3 class=\"wp-block-heading\">\u00d6sterreichische Meisterschaft in der Aquila Klasse, 16.06. &#8211; 19.06.2022 in Seeham<\/h3>\n\n\n\n<p>Am Donnerstag, den 16.06.2022, versammelten sich 16 Aquilacrews in Seeham am Obertrumersee, um die \u00f6sterreichische Meisterschaft und gleichzeitig die Salzburger Landesmeisterschaft auszutragen.<\/p>\n\n\n\n<a data-flickr-embed=\"true\" href=\"https:\/\/www.flickr.com\/photos\/aquila-austria\/52177680230\/in\/album-72177720300129792\/\" title=\"DSC05009\"><img loading=\"lazy\" decoding=\"async\" src=\"https:\/\/live.staticflickr.com\/65535\/52177680230_ba50a40dd3_k.jpg\" width=\"2048\" height=\"750\" alt=\"DSC05009\"><\/a><script async src=\"\/\/embedr.flickr.com\/assets\/client-code.js\" charset=\"utf-8\"><\/script>\n\n\n\n<p>Am ersten Tag gab es gewittriges Westwetter, von drei gestarteten Wettfahrten mussten zwei wegen Sturmwarnung abgebrochen werden, und schon bald kristallisierte sich eine erste Gewinnermannschaft heraus: die Cateringcrew des SSC!<\/p>\n\n\n\n<p>Was wir an diesen drei Tagen geboten bekamen, war wirklich meisterhaft!<\/p>\n\n\n\n<p>Vielen herzlichen Dank f\u00fcr die gute Verpflegung!<\/p>\n\n\n\n<p>Ich habe ja den heimlichen Verdacht, dass manche Crews aus Sorge um ihre perfekte Figur diesem Event ferngeblieben sind\u2026.<\/p>\n\n\n\n<a data-flickr-embed=\"true\" href=\"https:\/\/www.flickr.com\/photos\/aquila-austria\/52177680070\/in\/album-72177720300129792\/\" title=\"DSC05054\"><img loading=\"lazy\" decoding=\"async\" src=\"https:\/\/live.staticflickr.com\/65535\/52177680070_eee7e11a2d_k.jpg\" width=\"2048\" height=\"729\" alt=\"DSC05054\"><\/a><script async src=\"\/\/embedr.flickr.com\/assets\/client-code.js\" charset=\"utf-8\"><\/script>\n\n\n\n<p>Andererseits konnte man bei den herrschenden Bedingungen schon Einiges an Ballast brauchen &#8211; zum Beispiel f\u00fcr einen Aufschie\u00dfer an der Luvtonne akkurat im Wind \u00fcber zwei Bootsl\u00e4ngen oder f\u00fcr eine Schiffodromeinlage bei meiner zweiten Luvann\u00e4herung, die nicht nur mir den Rest gab. Nach einer Mann-\u00fcber-Board Aktion war ein elfter Platz noch das geringste \u00dcbel. Bei unserer Weiterfahrt passierten wir noch ein durchgekentertes Boot, welches einige Zeit auf Hilfe warten musste.<\/p>\n\n\n\n<p>Am zweiten Tag war sehr sch\u00f6ner Segelwind angesagt, nur der lie\u00df sich bitten. Nach l\u00e4ngerem Zuwarten musste die erste Wettfahrt wegen zu wenig Wind bzw. irregul\u00e4rer Verh\u00e4ltnisse abgebrochen werden. Auch in weiterer Folge machte der drehende Wind uns Teilnehmern wie auch der Wettfahrtleitung das Leben schwer. Immerhin gingen sich noch zwei Wettfahrten aus.<\/p>\n\n\n\n<a data-flickr-embed=\"true\" href=\"https:\/\/www.flickr.com\/photos\/aquila-austria\/52176164912\/in\/album-72177720300129792\/\" title=\"DSC05239\"><img loading=\"lazy\" decoding=\"async\" src=\"https:\/\/live.staticflickr.com\/65535\/52176164912_9dc187c73c_k.jpg\" width=\"2048\" height=\"458\" alt=\"DSC05239\"><\/a><script async src=\"\/\/embedr.flickr.com\/assets\/client-code.js\" charset=\"utf-8\"><\/script>\n\n\n\n<p>Da f\u00fcr das Wochenende Hochdruckbadewetter angesagt und der letzte Rest von Wind am Samstag bis 10:00 Uhr zu erwarten war, wurde die Startzeit auf 07:00 Uhr fr\u00fch festgelegt! Und das trotz Eispalatschinken (weitere Gewinnerin: Christine Kalhamer) und Cocktail-Bar am Freitagabend!<\/p>\n\n\n\n<a data-flickr-embed=\"true\" href=\"https:\/\/www.flickr.com\/photos\/aquila-austria\/52177191071\/in\/album-72177720300129792\/\" title=\"DSC05326\"><img loading=\"lazy\" decoding=\"async\" src=\"https:\/\/live.staticflickr.com\/65535\/52177191071_93a53c1193_k.jpg\" width=\"2048\" height=\"602\" alt=\"DSC05326\"><\/a><script async src=\"\/\/embedr.flickr.com\/assets\/client-code.js\" charset=\"utf-8\"><\/script>\n\n\n\n<p>Diesmal hielt sich der Wind sehr genau an die Prognosen. Nach drei hart umk\u00e4mpften&nbsp; Wettfahrten, vor allem bei den Starts, war der Wind verbraucht. Alle Steuerleute stimmten zu, dass es genug war.<\/p>\n\n\n\n<p>Mein pers\u00f6nliches Resumee:<\/p>\n\n\n\n<p>besser starten, besser wenden, Schot sicher in der Klemme oder besser gar nicht, usw. usw.<\/p>\n\n\n\n<p>Fragt in Wien ein Tourist nach dem Weg: \u201eEntschuldigung, wie komme ich hier zu den Wiener Philharmonikern?\u201c Antwort: \u201e\u00dcben, junger Mann, \u00fcben!\u201c<\/p>\n\n\n\n<p>Na denn\u2026<\/p>\n\n\n\n<a data-flickr-embed=\"true\" data-context=\"true\" href=\"https:\/\/www.flickr.com\/photos\/aquila-austria\/52176159762\/in\/album-72177720300129792\/\" title=\"DSC05219\"><img loading=\"lazy\" decoding=\"async\" src=\"https:\/\/live.staticflickr.com\/65535\/52176159762_90292c41fe_k.jpg\" width=\"2048\" height=\"1038\" alt=\"DSC05219\"><\/a><script async src=\"\/\/embedr.flickr.com\/assets\/client-code.js\" charset=\"utf-8\"><\/script>\n\n\n\n<p>Das Ergebnis spricht f\u00fcr sich: einen dritten Platz als Streicher nach f\u00fcnf ersten Pl\u00e4tzen, das muss man dem Team Otter erst einmal nachmachen!<\/p>\n\n\n\n<a data-flickr-embed=\"true\" href=\"https:\/\/www.flickr.com\/photos\/aquila-austria\/52177189976\/in\/album-72177720300129792\/\" title=\"DSC05360\"><img loading=\"lazy\" decoding=\"async\" src=\"https:\/\/live.staticflickr.com\/65535\/52177189976_8d9fcb5f2d_k.jpg\" width=\"2048\" height=\"981\" alt=\"DSC05360\"><\/a><script async src=\"\/\/embedr.flickr.com\/assets\/client-code.js\" charset=\"utf-8\"><\/script>\n\n\n\n<p>Herzliche Gratulation an Raoul und Maria Otter zum Gewinn der \u00f6sterreichischen Meisterschaft und herzliche Gratulation an Martin und Christine Kalhamer zum best\u00e4ndigen zweiten Platz sowie zum Gewinn der Salzburger Landesmeisterschaft!<\/p>\n\n\n\n<p>Auf Wiedersehen in Traunkirchen!<\/p>\n\n\n\n<p>Willi Klebel<br>AUT 224<\/p>\n\n\n\n<a data-flickr-embed=\"true\" href=\"https:\/\/www.flickr.com\/photos\/aquila-austria\/52177191233\/in\/album-72177720300129792\/\" title=\"DSC05141\"><img loading=\"lazy\" decoding=\"async\" src=\"https:\/\/live.staticflickr.com\/65535\/52177191233_27023c72b9_q.jpg\" width=\"150\" height=\"150\" alt=\"DSC05141\"><\/a><script async src=\"\/\/embedr.flickr.com\/assets\/client-code.js\" charset=\"utf-8\"><\/script>\n","protected":false},"excerpt":{"rendered":"<p>&#8230;ein sehr pers\u00f6nlicher Bericht \u00d6sterreichische Meisterschaft in der Aquila Klasse, 16.06. &#8211; 19.06.2022 in Seeham Am Donnerstag, den 16.06.2022, versammelten sich 16 Aquilacrews in Seeham am Obertrumersee, um die \u00f6sterreichische Meisterschaft und gleichzeitig die Salzburger Landesmeisterschaft auszutragen. Am ersten Tag gab es gewittriges Westwetter, von drei gestarteten Wettfahrten mussten zwei wegen Sturmwarnung abgebrochen werden, und [&hellip;]<\/p>\n","protected":false},"author":2081,"featured_media":2020,"comment_status":"open","ping_status":"closed","sticky":false,"template":"","format":"standard","meta":{"_bbp_topic_count":0,"_bbp_reply_count":0,"_bbp_total_topic_count":0,"_bbp_total_reply_count":0,"_bbp_voice_count":0,"_bbp_anonymous_reply_count":0,"_bbp_topic_count_hidden":0,"_bbp_reply_count_hidden":0,"_bbp_forum_subforum_count":0,"ngg_post_thumbnail":0,"footnotes":""},"categories":[11],"tags":[26],"class_list":{"0":"post-13921","1":"post","2":"type-post","3":"status-publish","4":"format-standard","5":"has-post-thumbnail","7":"category-regatta-berichte","8":"tag-obertrumer-see","9":"czr-hentry"},"views":3461,"_links":{"self":[{"href":"https:\/\/www.aquila-austria.at\/index.php?rest_route=\/wp\/v2\/posts\/13921","targetHints":{"allow":["GET"]}}],"collection":[{"href":"https:\/\/www.aquila-austria.at\/index.php?rest_route=\/wp\/v2\/posts"}],"about":[{"href":"https:\/\/www.aquila-austria.at\/index.php?rest_route=\/wp\/v2\/types\/post"}],"author":[{"embeddable":true,"href":"https:\/\/www.aquila-austria.at\/index.php?rest_route=\/wp\/v2\/users\/2081"}],"replies":[{"embeddable":true,"href":"https:\/\/www.aquila-austria.at\/index.php?rest_route=%2Fwp%2Fv2%2Fcomments&post=13921"}],"version-history":[{"count":12,"href":"https:\/\/www.aquila-austria.at\/index.php?rest_route=\/wp\/v2\/posts\/13921\/revisions"}],"predecessor-version":[{"id":13935,"href":"https:\/\/www.aquila-austria.at\/index.php?rest_route=\/wp\/v2\/posts\/13921\/revisions\/13935"}],"wp:featuredmedia":[{"embeddable":true,"href":"https:\/\/www.aquila-austria.at\/index.php?rest_route=\/wp\/v2\/media\/2020"}],"wp:attachment":[{"href":"https:\/\/www.aquila-austria.at\/index.php?rest_route=%2Fwp%2Fv2%2Fmedia&parent=13921"}],"wp:term":[{"taxonomy":"category","embeddable":true,"href":"https:\/\/www.aquila-austria.at\/index.php?rest_route=%2Fwp%2Fv2%2Fcategories&post=13921"},{"taxonomy":"post_tag","embeddable":true,"href":"https:\/\/www.aquila-austria.at\/index.php?rest_route=%2Fwp%2Fv2%2Ftags&post=13921"}],"curies":[{"name":"wp","href":"https:\/\/api.w.org\/{rel}","templated":true}]}}