{"id":1026,"date":"2012-09-12T22:25:30","date_gmt":"2012-09-12T21:25:30","guid":{"rendered":"http:\/\/www.aquila-austria.at\/?p=1026"},"modified":"2013-12-31T12:22:32","modified_gmt":"2013-12-31T11:22:32","slug":"yes-weiden-berichtet","status":"publish","type":"post","link":"https:\/\/www.aquila-austria.at\/?p=1026","title":{"rendered":"YES Weiden Berichtet"},"content":{"rendered":"<h3 align=\"left\">Aquilla&#8217;s beim YES-Weiden 8.-9. September 2012<\/h3>\n<p align=\"left\"><img loading=\"lazy\" decoding=\"async\" class=\"alignleft\" alt=\"yeslogoklein\" src=\"http:\/\/www.aquila-austria.at\/wp-content\/uploads\/2013\/09\/yeslogoklein.jpg\" width=\"90\" height=\"93\" \/>Wieder einmal hat die Aquila-Klassenvereinigung eine ihrer Schwerpunktregatten in Weiden ausgetragen. Diesmal bei uns im YES. Nachdem der gr\u00f6\u00dfte Teil der Teilnehmer bereits am Freitag angereist war wurde kurzerhand die M\u00f6glichkeit der Registrierung angeboten um einen stressfreien ersten Wettfahrttag am Samstag zu erm\u00f6glichen. Auf Grund eines ausgedehnten \u201eWetterhochs\u201c war f\u00fcr das Regattawochenende herrliches Wetter mit schwachen Winden prognostiziert. Dies veranlasste die Wettfahrtleitung bereits am ersten, windst\u00e4rkeren Regattatag, vier Wettfahrten in einem vorausgesagten 5-st\u00fcndigen \u201eWindloch\u201c durchzuf\u00fchren. Konzentriert, umsichtig und pr\u00e4zise wurde am angestrebten Ziel gearbeitet und mit Erfolg gekr\u00f6nt.<br \/>\nBeim anschlie\u00dfenden Seglerhock wurden die G\u00e4ste durch unser clubeigenes, hervorragendes K\u00fcchenpersonal mit Grillspezialit\u00e4ten und burgenl\u00e4ndischen Getr\u00e4nken versorgt. Besonderen Zuspruch erhielten die von unserem regierenden Clubmeister E.Kilian geschossenen Fotos, die er mittels Dia-Show pr\u00e4sentierte. Im Anschluss daran wurde durch das Weingut H&amp;Th Haider aus Neusiedl am See eine Weinverkostung durchgef\u00fchrt, die gro\u00dfen Anklang fand.<br \/>\nAm Sonntag war auf Grund von Windmangel, eine zweist\u00fcndige Startverschiebung notwendig. Es wurde aber trotz der schwachen Windverh\u00e4ltnisse eine sch\u00f6ne, letzte Wettfahrt erfolgreich absolviert.<br \/>\nBei der Siegerehrung erhielten die siegreichen Teams ihre Troph\u00e4en. Pr\u00e4sident W.Blaha lobte die sehr disziplinierten, kameradschaftlichen und freundlichen Teilnehmer, sowie deren Begleitpersonen und sprach eine Einladung f\u00fcr weitere Regatten der Aquila-Klasse aus. Wettfahrtleiter R.Taibl bedankte sich bei allen Helfern am Wasser und zu Lande f\u00fcr die hervorragende Unterst\u00fctzung. Klassensekret\u00e4r und Gesamtsieger dieser Schwerpunktregatta R.Otter bedankte sich f\u00fcr die gelungene Durchf\u00fchrung der Regatta und lobte die gute Stimmung in unserem Club. F\u00fcr alle Beteiligten war es ein sehr anspruchvolles, aber sch\u00f6nes Wochenende. Die beste Werbung f\u00fcr unseren geliebten Sport.<\/p>\n","protected":false},"excerpt":{"rendered":"<p>Aquilla&#8217;s beim YES-Weiden 8.-9. September 2012 Wieder einmal hat die Aquila-Klassenvereinigung eine ihrer Schwerpunktregatten in Weiden ausgetragen. Diesmal bei uns im YES. Nachdem der gr\u00f6\u00dfte Teil der Teilnehmer bereits am Freitag angereist war wurde kurzerhand die M\u00f6glichkeit der Registrierung angeboten um einen stressfreien ersten Wettfahrttag am Samstag zu erm\u00f6glichen. Auf Grund eines ausgedehnten \u201eWetterhochs\u201c war [&hellip;]<\/p>\n","protected":false},"author":2081,"featured_media":0,"comment_status":"open","ping_status":"closed","sticky":false,"template":"","format":"aside","meta":{"_bbp_topic_count":0,"_bbp_reply_count":0,"_bbp_total_topic_count":0,"_bbp_total_reply_count":0,"_bbp_voice_count":0,"_bbp_anonymous_reply_count":0,"_bbp_topic_count_hidden":0,"_bbp_reply_count_hidden":0,"_bbp_forum_subforum_count":0,"ngg_post_thumbnail":0,"footnotes":""},"categories":[11,57],"tags":[22],"class_list":{"0":"post-1026","1":"post","2":"type-post","3":"status-publish","4":"format-aside","6":"category-regatta-berichte","7":"category-zitate","8":"tag-neusiedlersee","9":"post_format-post-format-aside","10":"czr-hentry"},"views":2268,"_links":{"self":[{"href":"https:\/\/www.aquila-austria.at\/index.php?rest_route=\/wp\/v2\/posts\/1026","targetHints":{"allow":["GET"]}}],"collection":[{"href":"https:\/\/www.aquila-austria.at\/index.php?rest_route=\/wp\/v2\/posts"}],"about":[{"href":"https:\/\/www.aquila-austria.at\/index.php?rest_route=\/wp\/v2\/types\/post"}],"author":[{"embeddable":true,"href":"https:\/\/www.aquila-austria.at\/index.php?rest_route=\/wp\/v2\/users\/2081"}],"replies":[{"embeddable":true,"href":"https:\/\/www.aquila-austria.at\/index.php?rest_route=%2Fwp%2Fv2%2Fcomments&post=1026"}],"version-history":[{"count":1,"href":"https:\/\/www.aquila-austria.at\/index.php?rest_route=\/wp\/v2\/posts\/1026\/revisions"}],"predecessor-version":[{"id":1027,"href":"https:\/\/www.aquila-austria.at\/index.php?rest_route=\/wp\/v2\/posts\/1026\/revisions\/1027"}],"wp:attachment":[{"href":"https:\/\/www.aquila-austria.at\/index.php?rest_route=%2Fwp%2Fv2%2Fmedia&parent=1026"}],"wp:term":[{"taxonomy":"category","embeddable":true,"href":"https:\/\/www.aquila-austria.at\/index.php?rest_route=%2Fwp%2Fv2%2Fcategories&post=1026"},{"taxonomy":"post_tag","embeddable":true,"href":"https:\/\/www.aquila-austria.at\/index.php?rest_route=%2Fwp%2Fv2%2Ftags&post=1026"}],"curies":[{"name":"wp","href":"https:\/\/api.w.org\/{rel}","templated":true}]}}